{"id":117691,"date":"2021-05-31T05:30:00","date_gmt":"2021-05-31T09:30:00","guid":{"rendered":"https:\/\/linitiative.ca\/International\/vu-a-beni-douala-tizi-ouzou\/"},"modified":"2021-05-31T05:30:00","modified_gmt":"2021-05-31T09:30:00","slug":"vu-a-beni-douala-tizi-ouzou","status":"publish","type":"post","link":"https:\/\/linitiative.ca\/International\/vu-a-beni-douala-tizi-ouzou\/","title":{"rendered":"VU \u00c0 BENI DOUALA (TIZI OUZOU)"},"content":{"rendered":"<div id=\"originalText\" readability=\"40\">\n<p>\u25a0 Cette photo a \u00e9t\u00e9 prise au chef-lieu de Beni Douala, \u00e0 Tizi Ouzou, o\u00f9 les habitants d\u00e9noncent depuis des mois la pr\u00e9sence d\u2019eaux us\u00e9es \u00e0 ciel ouvert au lieudit le Pont de Thiliwa. Une situation qui dure depuis des ann\u00e9es, ont-ils d\u00e9nonc\u00e9. C\u2019est pourquoi, interpellent-ils une \u00e9ni\u00e8me fois les autorit\u00e9s locales pour mettre fin \u00e0 cette situation \u00e0 risque, notamment \u00e0 l\u2019approche de l\u2019\u00e9t\u00e9.\u00a0<\/p>\n<\/div>\n<div id=\"text_core\" readability=\"40\">\n<p>\u25a0 Cette photo a \u00e9t\u00e9 prise au chef-lieu de Beni Douala, \u00e0 Tizi Ouzou, o\u00f9 les habitants d\u00e9noncent depuis des mois la pr\u00e9sence d\u2019eaux us\u00e9es \u00e0 ciel ouvert au lieudit le Pont de Thiliwa. Une situation qui dure depuis des ann\u00e9es, ont-ils d\u00e9nonc\u00e9. C\u2019est pourquoi, interpellent-ils une \u00e9ni\u00e8me fois les autorit\u00e9s locales pour mettre fin \u00e0 cette situation \u00e0 risque, notamment \u00e0 l\u2019approche de l\u2019\u00e9t\u00e9.\u00a0<\/p>\n<\/div>\n<p>Auteur:<br \/>\n<a href=\"https:\/\/www.liberte-algerie.com\/radar\/vu-a-beni-douala-tizi-ouzou-359543\">Cliquez ici pour lire l&rsquo;article depuis sa source.<\/a><\/p>\n","protected":false},"excerpt":{"rendered":"<p>\u25a0 Cette photo a \u00e9t\u00e9 prise au chef-lieu de Beni Douala, \u00e0 Tizi Ouzou, o\u00f9 les habitants d\u00e9noncent depuis des mois la pr\u00e9sence d\u2019eaux us\u00e9es \u00e0 ciel ouvert au lieudit le Pont de Thiliwa. Une situation qui dure depuis des ann\u00e9es, ont-ils d\u00e9nonc\u00e9. C\u2019est pourquoi, interpellent-ils une \u00e9ni\u00e8me fois les autorit\u00e9s locales pour mettre fin [&hellip;]<\/p>\n","protected":false},"author":1742,"featured_media":0,"comment_status":"closed","ping_status":"closed","sticky":false,"template":"","format":"standard","meta":{"fifu_image_url":"","fifu_image_alt":"","footnotes":""},"categories":[73,53],"tags":[],"class_list":["post-117691","post","type-post","status-publish","format-standard","hentry","category-actualite","category-algerie"],"_links":{"self":[{"href":"https:\/\/linitiative.ca\/International\/wp-json\/wp\/v2\/posts\/117691","targetHints":{"allow":["GET"]}}],"collection":[{"href":"https:\/\/linitiative.ca\/International\/wp-json\/wp\/v2\/posts"}],"about":[{"href":"https:\/\/linitiative.ca\/International\/wp-json\/wp\/v2\/types\/post"}],"author":[{"embeddable":true,"href":"https:\/\/linitiative.ca\/International\/wp-json\/wp\/v2\/users\/1742"}],"replies":[{"embeddable":true,"href":"https:\/\/linitiative.ca\/International\/wp-json\/wp\/v2\/comments?post=117691"}],"version-history":[{"count":0,"href":"https:\/\/linitiative.ca\/International\/wp-json\/wp\/v2\/posts\/117691\/revisions"}],"wp:attachment":[{"href":"https:\/\/linitiative.ca\/International\/wp-json\/wp\/v2\/media?parent=117691"}],"wp:term":[{"taxonomy":"category","embeddable":true,"href":"https:\/\/linitiative.ca\/International\/wp-json\/wp\/v2\/categories?post=117691"},{"taxonomy":"post_tag","embeddable":true,"href":"https:\/\/linitiative.ca\/International\/wp-json\/wp\/v2\/tags?post=117691"}],"curies":[{"name":"wp","href":"https:\/\/api.w.org\/{rel}","templated":true}]}}