{"id":117693,"date":"2021-05-31T09:57:40","date_gmt":"2021-05-31T13:57:40","guid":{"rendered":"https:\/\/linitiative.ca\/International\/campagne-nationale-de-sensibilisation-aux-mefaits-du-tabagisme\/"},"modified":"2021-05-31T09:57:40","modified_gmt":"2021-05-31T13:57:40","slug":"campagne-nationale-de-sensibilisation-aux-mefaits-du-tabagisme","status":"publish","type":"post","link":"https:\/\/linitiative.ca\/International\/campagne-nationale-de-sensibilisation-aux-mefaits-du-tabagisme\/","title":{"rendered":"Campagne nationale de sensibilisation aux m\u00e9faits du tabagisme"},"content":{"rendered":"<p class=\"c4\">Le minist\u00e8re de la Sant\u00e9 lance, du 31 mai au 30 juin 2021, une campagne nationale de sensibilisation aux dangers du tabagisme et aux avantages du sevrage tabagique, en particulier pendant la pand\u00e9mie de la Covid-19.<\/p>\n<p class=\"c4\">Cette campagne est initi\u00e9e dans le cadre de la c\u00e9l\u00e9bration de la Journ\u00e9e mondiale Sans Tabac qui co\u00efncide avec le 31 mai, sous le th\u00e8me \u00ab S\u2019engager \u00e0 arr\u00eater de fumer pendant la Covid-19 \u00bb, en totale synergie avec la large campagne mondiale lanc\u00e9e par l\u2019OMS le 8 d\u00e9cembre 2020.<\/p>\n<p class=\"c4\">Dans ce cadre, le d\u00e9partement de la Sant\u00e9 fait de toutes ses structures de soins et ses structures administratives, des espaces sans tabac, et ce en vue de renforcer la lutte contre ce fl\u00e9au, indique le minist\u00e8re dans un communiqu\u00e9.<\/p>\n<p class=\"c4\">\u00ab\u00a0L\u2019arr\u00eat du tabac est tr\u00e8s b\u00e9n\u00e9fique pour la sante\u0301 m\u00eame apr\u00e8s l\u2019apparition de pathologies qui lui sont li\u00e9es. Ce b\u00e9n\u00e9fice est d\u2019autant plus grand que l\u2019arr\u00eat est plus pr\u00e9coce\u00a0\u00bb, souligne-t-on.<\/p>\n<p class=\"c4\">En effet, le tabagisme constitue un v\u00e9ritable probl\u00e8me de sant\u00e9 publique en tant que principale cause de d\u00e9c\u00e8s et de maladies \u00e9vitables.<\/p>\n<p class=\"c4\">Selon le communiqu\u00e9, la pr\u00e9valence du tabagisme au Maroc est de 13.4% chez les adultes \u00e2g\u00e9s de plus de 18 ans, dont 26.9% des hommes et 0,4% des femmes, selon les r\u00e9sultats de l\u2019enqu\u00eate nationale sur les facteurs de risque communs li\u00e9s aux Maladies non transmissibles (2018).<\/p>\n<p class=\"c4\">La pr\u00e9valence du tabagisme chez les \u00e9l\u00e8ves \u00e2g\u00e9s de 13 \u00e0 15 ans est de 6% (statistiques 2016], alors qu\u2019environ 35.6% de la population est expos\u00e9e au tabagisme passif dans les lieux publics et professionnels.<\/p>\n<p class=\"c4\">Dans le monde, la consommation du tabac tue environ 8 millions de personnes par an dont environ 1,2 million sont des individus expos\u00e9s au tabagisme passif.<\/p>\n<p>Auteur: Soufiane ELAHMAR<br \/>\n<a href=\"http:\/\/www.mapoujda.ma\/fr\/campagne-nationale-de-sensibilisation-aux-mefaits-du-tabagisme\/\">Cliquez ici pour lire l&rsquo;article depuis sa source.<\/a><\/p>\n","protected":false},"excerpt":{"rendered":"<p>Le minist\u00e8re de la Sant\u00e9 lance, du 31 mai au 30 juin 2021, une campagne nationale de sensibilisation aux dangers du tabagisme et aux avantages du sevrage tabagique, en particulier pendant la pand\u00e9mie de la Covid-19. Cette campagne est initi\u00e9e dans le cadre de la c\u00e9l\u00e9bration de la Journ\u00e9e mondiale Sans Tabac qui co\u00efncide avec [&hellip;]<\/p>\n","protected":false},"author":1788,"featured_media":0,"comment_status":"closed","ping_status":"closed","sticky":false,"template":"","format":"standard","meta":{"fifu_image_url":"","fifu_image_alt":"","footnotes":""},"categories":[54,76],"tags":[],"class_list":["post-117693","post","type-post","status-publish","format-standard","hentry","category-maroc","category-regions"],"_links":{"self":[{"href":"https:\/\/linitiative.ca\/International\/wp-json\/wp\/v2\/posts\/117693","targetHints":{"allow":["GET"]}}],"collection":[{"href":"https:\/\/linitiative.ca\/International\/wp-json\/wp\/v2\/posts"}],"about":[{"href":"https:\/\/linitiative.ca\/International\/wp-json\/wp\/v2\/types\/post"}],"author":[{"embeddable":true,"href":"https:\/\/linitiative.ca\/International\/wp-json\/wp\/v2\/users\/1788"}],"replies":[{"embeddable":true,"href":"https:\/\/linitiative.ca\/International\/wp-json\/wp\/v2\/comments?post=117693"}],"version-history":[{"count":0,"href":"https:\/\/linitiative.ca\/International\/wp-json\/wp\/v2\/posts\/117693\/revisions"}],"wp:attachment":[{"href":"https:\/\/linitiative.ca\/International\/wp-json\/wp\/v2\/media?parent=117693"}],"wp:term":[{"taxonomy":"category","embeddable":true,"href":"https:\/\/linitiative.ca\/International\/wp-json\/wp\/v2\/categories?post=117693"},{"taxonomy":"post_tag","embeddable":true,"href":"https:\/\/linitiative.ca\/International\/wp-json\/wp\/v2\/tags?post=117693"}],"curies":[{"name":"wp","href":"https:\/\/api.w.org\/{rel}","templated":true}]}}