{"id":117694,"date":"2021-05-31T11:04:46","date_gmt":"2021-05-31T15:04:46","guid":{"rendered":"https:\/\/linitiative.ca\/International\/crise-maroco-espagnole-declaration-du-ministere-des-affaires-etrangeres-de-la-cooperation-africaine-et-des-marocains-residant-a-letranger\/"},"modified":"2021-05-31T11:04:46","modified_gmt":"2021-05-31T15:04:46","slug":"crise-maroco-espagnole-declaration-du-ministere-des-affaires-etrangeres-de-la-cooperation-africaine-et-des-marocains-residant-a-letranger","status":"publish","type":"post","link":"https:\/\/linitiative.ca\/International\/crise-maroco-espagnole-declaration-du-ministere-des-affaires-etrangeres-de-la-cooperation-africaine-et-des-marocains-residant-a-letranger\/","title":{"rendered":"Crise maroco-espagnole: d\u00e9claration du Minist\u00e8re des Affaires \u00c9trang\u00e8res, de la Coop\u00e9ration Africaine et des Marocains R\u00e9sidant \u00e0 l\u2019Etranger"},"content":{"rendered":"<p class=\"c4\">Voici une d\u00e9claration du Minist\u00e8re des Affaires \u00e9trang\u00e8res, de la Coop\u00e9ration Africaine et des Marocains R\u00e9sidant \u00e0 l\u2019Etranger au sujet de la crise maroco-espagnole:<\/p>\n<p class=\"c4\">\u00ab\u00a0Ce mardi 1er juin, le d\u00e9nomm\u00e9 Ghali compara\u00eetra devant la Haute Cour Nationale espagnole. Certes, cette comparution est une \u00e9volution dont le Maroc prend note. Elle ne constitue pas, pour autant, le fond de la crise grave entre les deux pays voisins.<\/p>\n<p class=\"c4\"><strong>I.\u00a0La comparution, une \u00e9volution dont le Maroc prend note :<\/strong><\/p>\n<p class=\"c4\">\u00a01.\u00a0<strong>D\u2019abord, la comparution du d\u00e9nomm\u00e9 Ghali confirme ce que le Maroc avait dit d\u00e8s le d\u00e9but<\/strong> : l\u2019Espagne a bien fait rentrer, sciemment, sur son territoire, de mani\u00e8re frauduleuse et occulte, une personne poursuivie par la justice espagnole pour des plaintes d\u00e9pos\u00e9es par des victimes de nationalit\u00e9 espagnole et pour des actes commis en partie sur le sol espagnol.<\/p>\n<p class=\"c4\">\u00a02.\u00a0<strong>Ensuite, cette comparution vient montrer le vrai visage<\/strong> du \u00ab polisario \u00bb incarn\u00e9 par un dirigeant qui a commis des crimes abjects, qui viole, torture, bafoue les droits de l\u2019Homme et commandite des actes terroristes.<\/p>\n<p class=\"c4\">3. <strong>De m\u00eame, elle souligne la responsabilit\u00e9 de l\u2019Espagne envers elle-m\u00eame<\/strong>, puisque les victimes du d\u00e9nomm\u00e9 Ghali sont avant tout espagnoles. Cette comparution constitue, donc, le d\u00e9but d\u2019une premi\u00e8re reconnaissance des droits des victimes et de la responsabilit\u00e9 criminelle et p\u00e9nale de cet individu. C\u2019est aussi la premi\u00e8re fois que la justice espagnole convoque ce responsable et lui oppose des plaintes pour des crimes graves.<\/p>\n<p class=\"c4\">\u00a04.\u00a0<strong>Et encore, il ne s\u2019agit que des plaintes r\u00e9v\u00e9l\u00e9es au grand jour<\/strong>. Qu\u2019en est-il de tous les enfants, les femmes et les hommes qui subissent les affres du \u00ab polisario \u00bb ? Des traitements inhumains sont inflig\u00e9s quotidiennement aux populations de Tindouf \u2013 ces sans voix du \u00ab polisario \u00bb \u2013 sans que justice ne leur soit rendue.<\/p>\n<p class=\"c4\">\u00a0<strong>II.\u00a0Pour autant, ce n\u2019est pas le fond du probl\u00e8me :<\/strong><\/p>\n<p class=\"c4\">1. <strong>Le fond du probl\u00e8me est une question de confiance bris\u00e9e entre partenaires. Le fond de la crise est une question d\u2019arri\u00e8re-pens\u00e9es espagnoles hostiles au sujet du Sahara, cause sacr\u00e9e de l\u2019ensemble du peuple marocain<\/strong> :<\/p>\n<p class=\"c4\">\u00a0<strong>La crise n\u2019est pas li\u00e9e au cas d\u2019un homme<\/strong>. Elle ne commence pas avec son arriv\u00e9e pas plus qu\u2019elle ne s\u2019ach\u00e8ve avec son d\u00e9part. C\u2019est d\u2019abord <strong>une histoire de confiance et de respect mutuel rompus<\/strong> entre le Maroc et l\u2019Espagne. <strong>C\u2019est un test pour la fiabilit\u00e9 du partenariat entre le Maroc et l\u2019Espagne<\/strong>.<\/p>\n<p class=\"c4\"><strong>Si la crise entre le Maroc et l\u2019Espagne ne peut s\u2019arr\u00eater sans la comparution du d\u00e9nomm\u00e9 Ghali, elle ne peut pas non plus se r\u00e9soudre avec sa seule audition<\/strong>. Les attentes l\u00e9gitimes du Maroc se situent au-del\u00e0. Elles commencent par une <strong>clarification, sans ambigu\u00eft\u00e9<\/strong>, par l\u2019Espagne de <strong>ses choix, de ses d\u00e9cisions et de ses positions<\/strong>.<\/p>\n<p class=\"c4\">\u00a0<strong>Pour le Maroc, le d\u00e9nomm\u00e9 Ghali n\u2019est qu\u2019\u00e0 l\u2019image du \u00ab polisario \u00bb<\/strong>. La mani\u00e8re avec laquelle il est rentr\u00e9 en Espagne \u2013 avec un faux passeport, sous une fausse identit\u00e9 alg\u00e9rienne et dans un avion pr\u00e9sidentiel alg\u00e9rien \u2013 <strong>trahit l\u2019essence m\u00eame de cette milice s\u00e9paratiste<\/strong>.<\/p>\n<p class=\"c4\">\u00a0<strong>Au-del\u00e0 du cas du d\u00e9nomm\u00e9 Ghali, cette affaire a d\u00e9voil\u00e9 les attitudes hostiles et les strat\u00e9gies nuisibles de l\u2019Espagne \u00e0 l\u2019\u00e9gard de la question du Sahara Marocain<\/strong>. Elle a r\u00e9v\u00e9l\u00e9 les connivences de notre voisin du Nord avec les adversaires du Royaume pour porter atteinte \u00e0 l\u2019int\u00e9grit\u00e9 territoriale du Maroc.<\/p>\n<p class=\"c4\"><strong>Comment dans ce contexte, le Maroc peut-il \u00e0 nouveau faire confiance \u00e0 l\u2019Espagne ? Comment savoir que l\u2019Espagne ne complotera pas \u00e0 nouveau avec les ennemis du Royaume<\/strong> ? Le Maroc peut-il r\u00e9ellement compter sur l\u2019Espagne pour qu\u2019elle n\u2019agisse pas derri\u00e8re son dos? Comment r\u00e9tablir la confiance apr\u00e8s une si grave erreur ? Quelles sont les garanties de fiabilit\u00e9 dont le Maroc dispose \u00e0 ce jour ? En fait, cela revient \u00e0 poser la question fondamentale suivante : <strong>que veut l\u2019Espagne r\u00e9ellement<\/strong> ?<\/p>\n<p class=\"c4\">\u00a02.\u00a0<strong>Cette crise pose, par ailleurs, une question de coh\u00e9rence. L\u2019on ne peut pas combattre le s\u00e9paratisme chez soi et l\u2019encourager chez son voisin<\/strong> :<\/p>\n<p class=\"c4\"><strong>C\u2019est au nom de cette coh\u00e9rence vis-\u00e0-vis de lui-m\u00eame d\u2019abord et de ses partenaires ensuite, que le Maroc n\u2019a jamais instrumentalis\u00e9 le s\u00e9paratisme<\/strong>. Il ne l\u2019a jamais encourag\u00e9 comme une carte dans ses relations internationales, et notamment avec ses voisins.<\/p>\n<p class=\"c4\"><strong>A cet \u00e9gard, la politique du Maroc envers l\u2019Espagne a toujours \u00e9t\u00e9 limpide<\/strong>. Lors de la crise catalane, le Maroc n\u2019a pas choisi la neutralit\u00e9 ; il a \u00e9t\u00e9 parmi les tout premiers \u00e0 se ranger sans ambages, et de mani\u00e8re claire et forte, du c\u00f4t\u00e9 de l\u2019int\u00e9grit\u00e9 territoriale et de l\u2019unit\u00e9 nationale de son voisin du Nord.<\/p>\n<p class=\"c4\">\u00a0<strong>La question est l\u00e9gitime : qu\u2019aurait \u00e9t\u00e9 la r\u00e9action de l\u2019Espagne si une figure du s\u00e9paratisme espagnol avait \u00e9t\u00e9 re\u00e7ue au sein du Palais Royal Marocain<\/strong> ? Qu\u2019aurait \u00e9t\u00e9 la r\u00e9action de l\u2019Espagne si cette figure avait \u00e9tait re\u00e7ue publiquement et officiellement par son alli\u00e9 strat\u00e9gique, son partenaire commercial important, et son plus proche voisin du Sud ?<\/p>\n<p class=\"c4\"><strong>N\u2019ayons pas la m\u00e9moire courte<\/strong>. En 2012 par exemple, lorsqu\u2019il y a eu la visite au Maroc d\u2019une d\u00e9l\u00e9gation \u00e9conomique catalane, le programme avait \u00e9t\u00e9 amend\u00e9, \u00e0 la demande du gouvernement espagnol, pour que cette d\u00e9l\u00e9gation ne soit pas re\u00e7ue \u00e0 haut niveau et pour qu\u2019il y ait, lors de tous les entretiens, une pr\u00e9sence du repr\u00e9sentant de l\u2019Ambassade d\u2019Espagne \u00e0 Rabat.<\/p>\n<p class=\"c4\">\u00a0En 2017, <strong>la m\u00eame coh\u00e9rence a \u00e9t\u00e9 de mise<\/strong> lorsque le Maroc a refus\u00e9 la demande de visite et de rencontre d\u2019un grand leader du s\u00e9paratisme catalan.<\/p>\n<p class=\"c4\"><strong>\u00a0<\/strong><strong>Le Maroc est en droit de n\u2019attendre pas moins de l\u2019Espagne<\/strong>. C\u2019est le principe m\u00eame d\u2019un partenariat authentique.<\/p>\n<hr class=\"news_trucate_page\"\/>\n<p class=\"c4\">\u00a03.<strong>\u00a0<\/strong><strong>Le Maroc a toujours fait preuve de solidarit\u00e9 envers l\u2019Espagne<\/strong> :<\/p>\n<p class=\"c4\">Il est, bien s\u00fbr, des difficult\u00e9s naturelles li\u00e9es au voisinage, y compris des crises migratoires cycliques. <strong>N\u00e9anmoins, ces difficult\u00e9s ne doivent jamais nous faire oublier que la solidarit\u00e9 est au partenariat ce que la fiabilit\u00e9 est au bon voisinage et ce que la confiance est \u00e0 l\u2019amiti\u00e9<\/strong>.<\/p>\n<p class=\"c4\"><strong>C\u2019est cette solidarit\u00e9 dont le Maroc a toujours fait preuve \u00e0 l\u2019endroit de l\u2019Espagne. L\u2019histoire r\u00e9cente nous enseigne que les gestes ont \u00e9t\u00e9 nombreux<\/strong>.<\/p>\n<p class=\"c4\"><strong>En 2002, par exemple, lors du naufrage d\u2019un p\u00e9trolier, le Maroc a ouvert gracieusement ses eaux territoriales \u00e0 64 bateaux de p\u00eache<\/strong>, relevant de la r\u00e9gion de Galice, alors que les accords de p\u00eache n\u2019\u00e9taient pas encore conclus.<\/p>\n<p class=\"c4\">En 2008, lorsque l\u2019Espagne \u00e9tait <strong>en pleine crise \u00e9conomique<\/strong>, le Maroc a proc\u00e9d\u00e9 \u00e0 des d\u00e9rogations pour <strong>accueillir \u00e0 bras ouverts et permettre l\u2019installation et l\u2019activit\u00e9 au Maroc de travailleurs et d\u2019entrepreneurs espagnols<\/strong>.<\/p>\n<p class=\"c4\">En pleine crise catalane, <strong>l\u2019Espagne a toujours pu compter sur le Maroc qui a d\u00e9fendu, sans r\u00e9serve, sa souverainet\u00e9 nationale et son int\u00e9grit\u00e9 territoriale, par les actes<\/strong> (interdiction d\u2019entr\u00e9e des catalans s\u00e9paratistes au Maroc, interdiction de tout contact entre le Consulat du Maroc \u00e0 Barcelone et le mouvement s\u00e9paratiste catalan) <strong>et les prises de positions<\/strong> (communiqu\u00e9s de soutien clairs et forts).<\/p>\n<p class=\"c4\">\u00a0<strong>Le m\u00eame esprit de solidarit\u00e9 a toujours pr\u00e9valu dans la coop\u00e9ration s\u00e9curitaire et dans la lutte contre la migration clandestine<\/strong>. Ainsi, la coop\u00e9ration migratoire a permis, depuis 2017, l\u2019avortement de <strong>plus de 14.000 tentatives de migration irr\u00e9guli\u00e8re, le d\u00e9mant\u00e8lement de 5000 r\u00e9seaux de trafics depuis 2017 et l\u2019emp\u00eachement d\u2019innombrables tentatives d\u2019assaut<\/strong>.<\/p>\n<p class=\"c4\"><strong>La coop\u00e9ration en mati\u00e8re de lutte contre le terrorisme<\/strong>, a permis, quant \u00e0 elle, <strong>le d\u00e9mant\u00e8lement de plusieurs cellules<\/strong>, avec des prolongements tant au Maroc qu\u2019en Espagne et <strong>la neutralisation de 82 actes terroristes<\/strong>. A cela s\u2019ajoute l\u2019apport d\u00e9terminant des services marocains dans <strong>les investigations men\u00e9es suite aux attentats sanglants de Madrid de mars 2004<\/strong>. De m\u00eame, la coop\u00e9ration en mati\u00e8re de lutte contre le trafic de drogue a d\u00e9bouch\u00e9 sur <strong>un \u00e9change fructueux portant sur une vingtaine d\u2019affaires li\u00e9es au trafic international de drogue<\/strong>.<\/p>\n<p class=\"c4\"><strong>Comment apr\u00e8s tout cela, peut-on s\u00e9rieusement parler de menaces et de chantage par rapport \u00e0 la d\u00e9claration de l\u2019Ambassadeur de Sa Majest\u00e9 le Roi \u00e0 Madrid<\/strong> ? La franchise n\u2019a jamais \u00e9t\u00e9 une menace et la d\u00e9fense l\u00e9gitime de positions ne saurait \u00eatre assimil\u00e9e \u00e0 du chantage.<\/p>\n<p class=\"c4\">4. <strong>Le Maroc fait la distinction entre l\u2019amiti\u00e9 du peuple espagnol et la nuisance de certains milieux politiques<\/strong> :<\/p>\n<p class=\"c4\">Dans cette grave crise maroco-espagnole, le Maroc a toujours fait une distinction claire entre, d\u2019un c\u00f4t\u00e9, la population espagnole et certains leaders politiques clairvoyants qui tiennent \u00e0 l\u2019amiti\u00e9 avec le Maroc et au bon voisinage, et de l\u2019autre, certains milieux politiques, gouvernementaux, m\u00e9diatiques et de la soci\u00e9t\u00e9 civile qui cherchent \u00e0 instrumentaliser le Sahara Marocain et \u00e0 nuire aux int\u00e9r\u00eats du Maroc. <strong>Ceux-l\u00e0 m\u00eames qui, dans le confort de leurs r\u00e9flexes d\u00e9pass\u00e9s, continuent de voir le Maroc avec des perspectives anachroniques, sans renoncer aux relents d\u2019archa\u00efsme h\u00e9rit\u00e9s du pass\u00e9<\/strong>.<\/p>\n<p class=\"c4\"><strong>Le Maroc n\u2019a, du reste et de toute \u00e9vidence, aucun probl\u00e8me avec le peuple espagnol, ses citoyens, ses op\u00e9rateurs \u00e9conomiques, ses acteurs culturels et ses touristes, qui sont accueillis chaleureusement en amis et en voisins au Maroc<\/strong>.<\/p>\n<p class=\"c4\"><strong>Certains citoyens espagnols travaillent m\u00eame au Palais Royal Marocain bien avant la naissance de Sa Majest\u00e9 le Roi et de Leurs Altesses Royales, Princes et Princesses<\/strong>. C\u2019est dire, en effet, combien le Maroc ne c\u00e8de rien de la densit\u00e9 et de la solidit\u00e9 des liens humains entre le Maroc et l\u2019Espagne.<\/p>\n<p class=\"c4\">\u00a0<strong>Le Maroc restera attach\u00e9 \u00e0 ses liens d\u2019amiti\u00e9 naturelle et authentique envers le peuple espagnol<\/strong>.<\/p>\n<p class=\"c4\">Les autorit\u00e9s marocaines esp\u00e8rent que cette d\u00e9claration sera int\u00e9gralement diffus\u00e9e pour \u00e9clairer l\u2019opinion publique espagnole et lui pr\u00e9senter les faits, les donn\u00e9es et les chiffres\u00a0\u00bb.<\/p>\n<p>Auteur: Soufiane ELAHMAR<br \/>\n<a href=\"http:\/\/www.mapoujda.ma\/fr\/crise-maroco-espagnole-declaration-du-ministere-des-affaires-etrangeres-de-la-cooperation-africaine-et-des-marocains-residant-a-letranger\/\">Cliquez ici pour lire l&rsquo;article depuis sa source.<\/a><\/p>\n","protected":false},"excerpt":{"rendered":"<p>Voici une d\u00e9claration du Minist\u00e8re des Affaires \u00e9trang\u00e8res, de la Coop\u00e9ration Africaine et des Marocains R\u00e9sidant \u00e0 l\u2019Etranger au sujet de la crise maroco-espagnole: \u00ab\u00a0Ce mardi 1er juin, le d\u00e9nomm\u00e9 Ghali compara\u00eetra devant la Haute Cour Nationale espagnole. Certes, cette comparution est une \u00e9volution dont le Maroc prend note. Elle ne constitue pas, pour autant, [&hellip;]<\/p>\n","protected":false},"author":1788,"featured_media":0,"comment_status":"closed","ping_status":"closed","sticky":false,"template":"","format":"standard","meta":{"fifu_image_url":"","fifu_image_alt":"","footnotes":""},"categories":[54,76],"tags":[],"class_list":["post-117694","post","type-post","status-publish","format-standard","hentry","category-maroc","category-regions"],"_links":{"self":[{"href":"https:\/\/linitiative.ca\/International\/wp-json\/wp\/v2\/posts\/117694","targetHints":{"allow":["GET"]}}],"collection":[{"href":"https:\/\/linitiative.ca\/International\/wp-json\/wp\/v2\/posts"}],"about":[{"href":"https:\/\/linitiative.ca\/International\/wp-json\/wp\/v2\/types\/post"}],"author":[{"embeddable":true,"href":"https:\/\/linitiative.ca\/International\/wp-json\/wp\/v2\/users\/1788"}],"replies":[{"embeddable":true,"href":"https:\/\/linitiative.ca\/International\/wp-json\/wp\/v2\/comments?post=117694"}],"version-history":[{"count":0,"href":"https:\/\/linitiative.ca\/International\/wp-json\/wp\/v2\/posts\/117694\/revisions"}],"wp:attachment":[{"href":"https:\/\/linitiative.ca\/International\/wp-json\/wp\/v2\/media?parent=117694"}],"wp:term":[{"taxonomy":"category","embeddable":true,"href":"https:\/\/linitiative.ca\/International\/wp-json\/wp\/v2\/categories?post=117694"},{"taxonomy":"post_tag","embeddable":true,"href":"https:\/\/linitiative.ca\/International\/wp-json\/wp\/v2\/tags?post=117694"}],"curies":[{"name":"wp","href":"https:\/\/api.w.org\/{rel}","templated":true}]}}