{"id":117695,"date":"2021-05-31T14:01:44","date_gmt":"2021-05-31T18:01:44","guid":{"rendered":"https:\/\/linitiative.ca\/International\/sm-le-roi-donne-ses-hautes-instructions-pour-la-reouverture-progressive-des-mosquees-fermees-en-coordination-avec-les-autorites-sanitaires-et-administratives\/"},"modified":"2021-05-31T14:01:44","modified_gmt":"2021-05-31T18:01:44","slug":"sm-le-roi-donne-ses-hautes-instructions-pour-la-reouverture-progressive-des-mosquees-fermees-en-coordination-avec-les-autorites-sanitaires-et-administratives","status":"publish","type":"post","link":"https:\/\/linitiative.ca\/International\/sm-le-roi-donne-ses-hautes-instructions-pour-la-reouverture-progressive-des-mosquees-fermees-en-coordination-avec-les-autorites-sanitaires-et-administratives\/","title":{"rendered":"SM le Roi donne Ses Hautes instructions pour la r\u00e9ouverture progressive des mosqu\u00e9es ferm\u00e9es, en coordination avec les autorit\u00e9s sanitaires et administratives"},"content":{"rendered":"<div class=\"single-featured\"><img alt=\"\" data-src=\"http:\/\/www.mapoujda.ma\/map\/uploads\/2021\/05\/Portrait-SM-le-Roi-M750\u00d7430-MAP.jpg\"\/><\/div>\n<div class=\"entry-content clearfix single-post-content entry-content clearfix single-post-content\" readability=\"51\">\n<p class=\"c4\">Le minist\u00e8re des Habous et des Affaires islamiques a annonc\u00e9 lundi que SM le Roi Mohammed VI, Amir Al-Mouminine, que Dieu Le glorifie, a bien voulu donner Ses Hautes instructions pour la r\u00e9ouverture progressive des mosqu\u00e9es ferm\u00e9es, en coordination avec les autorit\u00e9s sanitaires et administratives.<\/p>\n<p class=\"c4\">Un calendrier relatif \u00e0 cette op\u00e9ration sera annonc\u00e9 ult\u00e9rieurement, a indiqu\u00e9 le minist\u00e8re dans un communiqu\u00e9.<\/p>\n<p class=\"c4\">Les pri\u00e8res et la pri\u00e8re du vendredi seront accomplies dans toutes les mosqu\u00e9es en conformit\u00e9 avec les mesures pr\u00e9ventives n\u00e9cessaires dans le cadre de la lutte contre la pand\u00e9mie, particuli\u00e8rement la distanciation sociale et le port des masques, a pr\u00e9cis\u00e9 le minist\u00e8re, ajoutant que les fid\u00e8les doivent faire leurs ablutions avant de se rendre aux mosqu\u00e9es parce que les salles d\u2019ablutions resteront ferm\u00e9es.<\/p>\n<\/div>\n<p>Auteur: Soufiane ELAHMAR<br \/>\n<a href=\"http:\/\/www.mapoujda.ma\/fr\/sm-le-roi-donne-ses-hautes-instructions-pour-la-reouverture-progressive-des-mosquees-fermees-en-coordination-avec-les-autorites-sanitaires-et-administratives\/\">Cliquez ici pour lire l&rsquo;article depuis sa source.<\/a><\/p>\n","protected":false},"excerpt":{"rendered":"<p>Le minist\u00e8re des Habous et des Affaires islamiques a annonc\u00e9 lundi que SM le Roi Mohammed VI, Amir Al-Mouminine, que Dieu Le glorifie, a bien voulu donner Ses Hautes instructions pour la r\u00e9ouverture progressive des mosqu\u00e9es ferm\u00e9es, en coordination avec les autorit\u00e9s sanitaires et administratives. Un calendrier relatif \u00e0 cette op\u00e9ration sera annonc\u00e9 ult\u00e9rieurement, a [&hellip;]<\/p>\n","protected":false},"author":1788,"featured_media":0,"comment_status":"closed","ping_status":"closed","sticky":false,"template":"","format":"standard","meta":{"fifu_image_url":"http:\/\/www.mapoujda.ma\/map\/uploads\/2021\/05\/Portrait-SM-le-Roi-M750\u00d7430-MAP.jpg","fifu_image_alt":"SM le Roi donne Ses Hautes instructions pour la r\u00e9ouverture progressive des mosqu\u00e9es ferm\u00e9es, en coordination avec les autorit\u00e9s sanitaires et administratives","footnotes":""},"categories":[54,76],"tags":[],"class_list":["post-117695","post","type-post","status-publish","format-standard","hentry","category-maroc","category-regions"],"_links":{"self":[{"href":"https:\/\/linitiative.ca\/International\/wp-json\/wp\/v2\/posts\/117695","targetHints":{"allow":["GET"]}}],"collection":[{"href":"https:\/\/linitiative.ca\/International\/wp-json\/wp\/v2\/posts"}],"about":[{"href":"https:\/\/linitiative.ca\/International\/wp-json\/wp\/v2\/types\/post"}],"author":[{"embeddable":true,"href":"https:\/\/linitiative.ca\/International\/wp-json\/wp\/v2\/users\/1788"}],"replies":[{"embeddable":true,"href":"https:\/\/linitiative.ca\/International\/wp-json\/wp\/v2\/comments?post=117695"}],"version-history":[{"count":0,"href":"https:\/\/linitiative.ca\/International\/wp-json\/wp\/v2\/posts\/117695\/revisions"}],"wp:attachment":[{"href":"https:\/\/linitiative.ca\/International\/wp-json\/wp\/v2\/media?parent=117695"}],"wp:term":[{"taxonomy":"category","embeddable":true,"href":"https:\/\/linitiative.ca\/International\/wp-json\/wp\/v2\/categories?post=117695"},{"taxonomy":"post_tag","embeddable":true,"href":"https:\/\/linitiative.ca\/International\/wp-json\/wp\/v2\/tags?post=117695"}],"curies":[{"name":"wp","href":"https:\/\/api.w.org\/{rel}","templated":true}]}}