{"id":117696,"date":"2021-05-31T14:18:35","date_gmt":"2021-05-31T18:18:35","guid":{"rendered":"https:\/\/linitiative.ca\/International\/lancement-de-la-caravane-nationale-pour-le-sahara-marocain-dans-les-etablissements-penitentiaires\/"},"modified":"2021-05-31T14:18:35","modified_gmt":"2021-05-31T18:18:35","slug":"lancement-de-la-caravane-nationale-pour-le-sahara-marocain-dans-les-etablissements-penitentiaires","status":"publish","type":"post","link":"https:\/\/linitiative.ca\/International\/lancement-de-la-caravane-nationale-pour-le-sahara-marocain-dans-les-etablissements-penitentiaires\/","title":{"rendered":"Lancement de la Caravane nationale pour le Sahara marocain dans les \u00e9tablissements p\u00e9nitentiaires"},"content":{"rendered":"<p class=\"c4\">Le coup d\u2019envoi de la Caravane nationale pour le Sahara marocain dans les \u00e9tablissements p\u00e9nitentiaires a \u00e9t\u00e9 donn\u00e9, lundi, \u00e0 la prison locale de Oujda 2, sous le th\u00e8me \u00ab\u00a0La cause nationale, une appartenance et une fiert\u00e9\u00a0\u00bb.<\/p>\n<p class=\"c4\">Cette caravane s\u2019inscrit dans le cadre des programmes de la D\u00e9l\u00e9gation g\u00e9n\u00e9rale \u00e0 l\u2019Administration p\u00e9nitentiaire et \u00e0 la r\u00e9insertion (DGAPR) visant la r\u00e9habilitation des pensionnaires, leur r\u00e9insertion dans la soci\u00e9t\u00e9 et le renfoncement de leur esprit patriotique.<\/p>\n<p class=\"c4\">La c\u00e9r\u00e9monie de lancement de cette caravane s\u2019est d\u00e9roul\u00e9e en pr\u00e9sence du D\u00e9l\u00e9gu\u00e9 G\u00e9n\u00e9ral \u00e0 l\u2019Administration p\u00e9nitentiaire et \u00e0 la r\u00e9insertion, Mohamed Salah Tamek, du Wali de la r\u00e9gion de l\u2019Oriental, gouverneur de la pr\u00e9fecture d\u2019Oujda-Angad, Mouad El Jamai, d\u2019\u00e9lus, de chefs de services d\u00e9centralis\u00e9s et de plusieurs responsables et personnalit\u00e9s civiles et militaires et d\u2019acteurs de la soci\u00e9t\u00e9 civile.<\/p>\n<p class=\"c4\">Dans son allocution \u00e0 l\u2019ouverture de cet \u00e9v\u00e8nement, M. Tamek a relev\u00e9 que cette initiative vise \u00e0 renforcer les programmes de qualification destin\u00e9s aux pensionnaires des \u00e9tablissements p\u00e9nitentiaires, notamment les programmes ax\u00e9s sur la cons\u00e9cration des valeurs en tant que l\u2019un des piliers de l\u2019int\u00e9gration dans la soci\u00e9t\u00e9, et se veut aussi une occasion pour les cadres et les fonctionnaires de l\u2019Administration p\u00e9nitentiaire et pour les pensionnaires de r\u00e9it\u00e9rer leur attachement \u00e0 l\u2019int\u00e9grit\u00e9 territoriale et au glorieux Tr\u00f4ne alaouite, garant de l\u2019unit\u00e9 et de la stabilit\u00e9 de la Patrie.<\/p>\n<p class=\"c4\">Les citoyens d\u00e9tenus, qui sont des citoyens tout court conform\u00e9ment \u00e0 la Constitution et \u00e0 la Haute sollicitude dont SM le Roi Mohammed VI les entoure, ont pleinement le droit de participer \u00e0 la d\u00e9fense de la cause nationale du Sahara marocain qui constitue une priorit\u00e9 absolue, a-t-il soulign\u00e9, notant que cela permet de renforcer l\u2019esprit de citoyennet\u00e9 chez cette cat\u00e9gorie et contribuer \u00e0 sa qualification en vue de sa r\u00e9insertion.<\/p>\n<p class=\"c4\">La DGAPR a \u0153uvr\u00e9 pour consolider cette approche dans ses programmes et activit\u00e9s de r\u00e9habilitation, entre autres le programme \u00abUniversit\u00e9 dans les prisons\u00bb dont la premi\u00e8re \u00e9dition s\u2019est d\u00e9roul\u00e9e sous le th\u00e8me \u00abLa citoyennet\u00e9, entr\u00e9e \u00e0 la r\u00e9insertion\u00bb, alors que sa derni\u00e8re \u00e9dition, tenue cette ann\u00e9e, a eu pour th\u00e8me \u00abLes valeurs sociales et la pr\u00e9paration des d\u00e9tenus \u00e0 la r\u00e9insertion\u00bb, a rappel\u00e9 M. Tamek.<\/p>\n<p class=\"c4\">Il a aussi soulign\u00e9 l\u2019importance de cette caravane lanc\u00e9e \u00e0 la prison locale de Oujda 2 et qui sillonnera 18 autres \u00e9tablissements p\u00e9nitentiaires \u00e0 travers le Maroc, avant de se cl\u00f4turer par une c\u00e9r\u00e9monie \u00e0 la prison locale de Dakhla, qui co\u00efncidera avec la c\u00e9l\u00e9bration du 46\u00e8me anniversaire de la Marche Verte.<\/p>\n<p class=\"c4\">La caravane porte sur l\u2019organisation, dans l\u2019ensemble des \u00e9tablissements p\u00e9nitentiaires participants, de nombre d\u2019activit\u00e9s culturelles et sportives, ainsi que d\u2019une s\u00e9rie de rencontres et de conf\u00e9rences autour de la th\u00e9matique du Sahara marocain, anim\u00e9es par des sp\u00e9cialistes, experts et acteurs associatifs, a ajout\u00e9 M. Tamek, notant qu\u2019il s\u2019agit aussi d\u2019une occasion pour soutenir les succ\u00e8s r\u00e9alis\u00e9s par le Royaume dans tous les domaines.<\/p>\n<p class=\"c4\">Dans ce sens, la c\u00e9r\u00e9monie de lancement de cette caravane a \u00e9t\u00e9 marqu\u00e9e par des spectacles et performances artistiques et litt\u00e9raires pr\u00e9par\u00e9s et pr\u00e9sent\u00e9s par les pensionnaires sous l\u2019encadrement d\u2019une \u00e9quipe de la DGAPR, en plus du coup d\u2019envoi du Tournoi du Sahara marocain de football, qui sillonnera les diff\u00e9rents \u00e9tablissements p\u00e9nitentiaires participants.<\/p>\n<p class=\"c4\">Par ailleurs, la d\u00e9l\u00e9gation officielle a visit\u00e9 diff\u00e9rentes d\u00e9pendances de la prison locale de Oujda 2, notamment le centre de formation professionnelle, et s\u2019est enquise des ateliers et activit\u00e9s anim\u00e9s en faveur des pensionnaires.<\/p>\n<p class=\"c4\">La journ\u00e9e d\u2019ouverture de cette manifestation a \u00e9galement connu l\u2019organisation d\u2019une table-ronde sur le th\u00e8me \u00abLa citoyennet\u00e9 entre droits et obligations\u00bb, avec la participation du secr\u00e9taire g\u00e9n\u00e9ral de la Rabita Mohammadia des Oul\u00e9mas, Ahmed Abbadi, du pr\u00e9sident du Conseil local des Oul\u00e9mas d\u2019Oujda, Mustapha Benhamza, du pr\u00e9sident de la Commission r\u00e9gionale des droits de l\u2019Homme de l\u2019Oriental, Mohamed Amarti, du d\u00e9l\u00e9gu\u00e9 r\u00e9gional du Haut-commissariat aux anciens r\u00e9sistants et anciens membres de l\u2019arm\u00e9e de lib\u00e9ration d\u2019Oujda, Noureddine Azelmat, du pr\u00e9sident de l\u2019Observatoire marocain des prisons, Abdellatif Reffoua et d\u2019autres personnalit\u00e9s.<\/p>\n<p class=\"c4\">Quelque 18 cadres et fonctionnaires de la DGAPR se chargent de l\u2019encadrement de cette caravane, \u00e0 laquelle participeront plus de 5.000 pensionnaires de diff\u00e9rents \u00e2ges.<\/p>\n<p>Auteur: Soufiane ELAHMAR<br \/>\n<a href=\"http:\/\/www.mapoujda.ma\/fr\/lancement-de-la-caravane-nationale-pour-le-sahara-marocain-dans-les-etablissements-penitentiaires\/\">Cliquez ici pour lire l&rsquo;article depuis sa source.<\/a><\/p>\n","protected":false},"excerpt":{"rendered":"<p>Le coup d\u2019envoi de la Caravane nationale pour le Sahara marocain dans les \u00e9tablissements p\u00e9nitentiaires a \u00e9t\u00e9 donn\u00e9, lundi, \u00e0 la prison locale de Oujda 2, sous le th\u00e8me \u00ab\u00a0La cause nationale, une appartenance et une fiert\u00e9\u00a0\u00bb. Cette caravane s\u2019inscrit dans le cadre des programmes de la D\u00e9l\u00e9gation g\u00e9n\u00e9rale \u00e0 l\u2019Administration p\u00e9nitentiaire et \u00e0 la [&hellip;]<\/p>\n","protected":false},"author":1788,"featured_media":0,"comment_status":"closed","ping_status":"closed","sticky":false,"template":"","format":"standard","meta":{"fifu_image_url":"","fifu_image_alt":"","footnotes":""},"categories":[54,76],"tags":[],"class_list":["post-117696","post","type-post","status-publish","format-standard","hentry","category-maroc","category-regions"],"_links":{"self":[{"href":"https:\/\/linitiative.ca\/International\/wp-json\/wp\/v2\/posts\/117696","targetHints":{"allow":["GET"]}}],"collection":[{"href":"https:\/\/linitiative.ca\/International\/wp-json\/wp\/v2\/posts"}],"about":[{"href":"https:\/\/linitiative.ca\/International\/wp-json\/wp\/v2\/types\/post"}],"author":[{"embeddable":true,"href":"https:\/\/linitiative.ca\/International\/wp-json\/wp\/v2\/users\/1788"}],"replies":[{"embeddable":true,"href":"https:\/\/linitiative.ca\/International\/wp-json\/wp\/v2\/comments?post=117696"}],"version-history":[{"count":0,"href":"https:\/\/linitiative.ca\/International\/wp-json\/wp\/v2\/posts\/117696\/revisions"}],"wp:attachment":[{"href":"https:\/\/linitiative.ca\/International\/wp-json\/wp\/v2\/media?parent=117696"}],"wp:term":[{"taxonomy":"category","embeddable":true,"href":"https:\/\/linitiative.ca\/International\/wp-json\/wp\/v2\/categories?post=117696"},{"taxonomy":"post_tag","embeddable":true,"href":"https:\/\/linitiative.ca\/International\/wp-json\/wp\/v2\/tags?post=117696"}],"curies":[{"name":"wp","href":"https:\/\/api.w.org\/{rel}","templated":true}]}}