{"id":117697,"date":"2021-05-31T10:19:43","date_gmt":"2021-05-31T14:19:43","guid":{"rendered":"https:\/\/linitiative.ca\/International\/souss-massa-programme-inti3ach-appui-a-500-porteurs-de-projets\/"},"modified":"2021-05-31T10:19:43","modified_gmt":"2021-05-31T14:19:43","slug":"souss-massa-programme-inti3ach-appui-a-500-porteurs-de-projets","status":"publish","type":"post","link":"https:\/\/linitiative.ca\/International\/souss-massa-programme-inti3ach-appui-a-500-porteurs-de-projets\/","title":{"rendered":"Souss-Massa\/ programme \u00ab\u00a0INTI3ACH\u00a0\u00bb: Appui \u00e0 500 porteurs de projets"},"content":{"rendered":"<p class=\"rtejustify\">La Cit\u00e9 d\u2019Innovation d\u2019Agadir devrait abriter, ce lundi, la c\u00e9r\u00e9monie de signature d\u2019une convention qui vise la promotion de l\u2019entreprenariat au niveau de la r\u00e9gion Souss-Massa. Cela \u00e0 travers la mise en place du programme int\u00e9gr\u00e9 d\u2019accompagnement baptis\u00e9 \u00ab\u00a0INTI3ACH\u00a0\u00bb. Ce dernier a pour objectif la recherche et l\u2019identification des porteurs d\u2019id\u00e9es de projets susceptibles d\u2019\u00eatre accompagn\u00e9s pour b\u00e9n\u00e9ficier d\u2019un financement PIAFE (Programme int\u00e9gr\u00e9 d&rsquo;appui et de financement des entreprises), est-il pr\u00e9cis\u00e9. L\u2019objectif fix\u00e9 est d\u2019accompagner 500 porteurs de projets \u00e0 l\u2019horizon 2021 et financer 70% des projets accompagn\u00e9s, selon les partenaires impliqu\u00e9s dans cette convention. Il s\u2019agit du CRI de la r\u00e9gion Souss-Massa, l\u2019ANAPEC, la Fondation cr\u00e9ation d\u2019entreprises et la BP r\u00e9gionale centre sud.<\/p>\n<p class=\"rtejustify\"><strong><em>N.E.A.<\/em><\/strong><\/p>\n<p class=\"rtejustify\">\u00a0<\/p>\n<p>Auteur: hgueye<br \/>\n<a href=\"https:\/\/www.leconomiste.com\/flash-infos\/souss-massa-accompagnement-de-500-porteurs-de-projets-dans-le-cadre-du-programme\">Cliquez ici pour lire l&rsquo;article depuis sa source.<\/a><\/p>\n","protected":false},"excerpt":{"rendered":"<p>La Cit\u00e9 d\u2019Innovation d\u2019Agadir devrait abriter, ce lundi, la c\u00e9r\u00e9monie de signature d\u2019une convention qui vise la promotion de l\u2019entreprenariat au niveau de la r\u00e9gion Souss-Massa. Cela \u00e0 travers la mise en place du programme int\u00e9gr\u00e9 d\u2019accompagnement baptis\u00e9 \u00ab\u00a0INTI3ACH\u00a0\u00bb. Ce dernier a pour objectif la recherche et l\u2019identification des porteurs d\u2019id\u00e9es de projets susceptibles d\u2019\u00eatre [&hellip;]<\/p>\n","protected":false},"author":1763,"featured_media":0,"comment_status":"closed","ping_status":"closed","sticky":false,"template":"","format":"standard","meta":{"fifu_image_url":"","fifu_image_alt":"","footnotes":""},"categories":[78,54],"tags":[],"class_list":["post-117697","post","type-post","status-publish","format-standard","hentry","category-economie","category-maroc"],"_links":{"self":[{"href":"https:\/\/linitiative.ca\/International\/wp-json\/wp\/v2\/posts\/117697","targetHints":{"allow":["GET"]}}],"collection":[{"href":"https:\/\/linitiative.ca\/International\/wp-json\/wp\/v2\/posts"}],"about":[{"href":"https:\/\/linitiative.ca\/International\/wp-json\/wp\/v2\/types\/post"}],"author":[{"embeddable":true,"href":"https:\/\/linitiative.ca\/International\/wp-json\/wp\/v2\/users\/1763"}],"replies":[{"embeddable":true,"href":"https:\/\/linitiative.ca\/International\/wp-json\/wp\/v2\/comments?post=117697"}],"version-history":[{"count":0,"href":"https:\/\/linitiative.ca\/International\/wp-json\/wp\/v2\/posts\/117697\/revisions"}],"wp:attachment":[{"href":"https:\/\/linitiative.ca\/International\/wp-json\/wp\/v2\/media?parent=117697"}],"wp:term":[{"taxonomy":"category","embeddable":true,"href":"https:\/\/linitiative.ca\/International\/wp-json\/wp\/v2\/categories?post=117697"},{"taxonomy":"post_tag","embeddable":true,"href":"https:\/\/linitiative.ca\/International\/wp-json\/wp\/v2\/tags?post=117697"}],"curies":[{"name":"wp","href":"https:\/\/api.w.org\/{rel}","templated":true}]}}