{"id":117698,"date":"2021-05-31T10:33:37","date_gmt":"2021-05-31T14:33:37","guid":{"rendered":"https:\/\/linitiative.ca\/International\/bcp-et-awb-vont-piloter-lemprunt-national\/"},"modified":"2021-05-31T10:33:37","modified_gmt":"2021-05-31T14:33:37","slug":"bcp-et-awb-vont-piloter-lemprunt-national","status":"publish","type":"post","link":"https:\/\/linitiative.ca\/International\/bcp-et-awb-vont-piloter-lemprunt-national\/","title":{"rendered":"BCP et AWB vont piloter l&#8217;emprunt national"},"content":{"rendered":"<p class=\"rtejustify\">Une nouvelle \u00e9tape a \u00e9t\u00e9 franchie dans le cadre de l&#8217;emprunt national. L&rsquo;Etat a d\u00e9sign\u00e9 BCP et Attijariwafa bank en tant que co-conseillers. Le syndicat de placement de cette op\u00e9ration \u00e0 plusieurs milliards de DH sera \u00e9largi \u00e0 l&rsquo;ensemble des banques et Soci\u00e9t\u00e9s de Bourse. Pour l&rsquo;heure, les modalit\u00e9s de l&rsquo;op\u00e9ration ne sont pas arr\u00eat\u00e9es. Plusieurs sujets sont encore en cours de discussion. Avec l\u2019augmentation des besoins de financement de l\u2019Etat induit par la crise sanitaire et \u00e9conomique, le gouvernement veut capter une partie de l\u2019\u00e9pargne accumul\u00e9e par les m\u00e9nages et l\u2019orienter vers le financement de la relance post-covid.<\/p>\n<p class=\"rtejustify\"><em>F.Fa.<\/em><\/p>\n<p>Auteur: hgueye<br \/>\n<a href=\"https:\/\/www.leconomiste.com\/flash-infos\/bcp-et-awb-vont-piloter-l-emprunt-national\">Cliquez ici pour lire l&rsquo;article depuis sa source.<\/a><\/p>\n","protected":false},"excerpt":{"rendered":"<p>Une nouvelle \u00e9tape a \u00e9t\u00e9 franchie dans le cadre de l&#8217;emprunt national. L&rsquo;Etat a d\u00e9sign\u00e9 BCP et Attijariwafa bank en tant que co-conseillers. Le syndicat de placement de cette op\u00e9ration \u00e0 plusieurs milliards de DH sera \u00e9largi \u00e0 l&rsquo;ensemble des banques et Soci\u00e9t\u00e9s de Bourse. Pour l&rsquo;heure, les modalit\u00e9s de l&rsquo;op\u00e9ration ne sont pas arr\u00eat\u00e9es. [&hellip;]<\/p>\n","protected":false},"author":1763,"featured_media":0,"comment_status":"closed","ping_status":"closed","sticky":false,"template":"","format":"standard","meta":{"fifu_image_url":"","fifu_image_alt":"","footnotes":""},"categories":[78,54],"tags":[],"class_list":["post-117698","post","type-post","status-publish","format-standard","hentry","category-economie","category-maroc"],"_links":{"self":[{"href":"https:\/\/linitiative.ca\/International\/wp-json\/wp\/v2\/posts\/117698","targetHints":{"allow":["GET"]}}],"collection":[{"href":"https:\/\/linitiative.ca\/International\/wp-json\/wp\/v2\/posts"}],"about":[{"href":"https:\/\/linitiative.ca\/International\/wp-json\/wp\/v2\/types\/post"}],"author":[{"embeddable":true,"href":"https:\/\/linitiative.ca\/International\/wp-json\/wp\/v2\/users\/1763"}],"replies":[{"embeddable":true,"href":"https:\/\/linitiative.ca\/International\/wp-json\/wp\/v2\/comments?post=117698"}],"version-history":[{"count":0,"href":"https:\/\/linitiative.ca\/International\/wp-json\/wp\/v2\/posts\/117698\/revisions"}],"wp:attachment":[{"href":"https:\/\/linitiative.ca\/International\/wp-json\/wp\/v2\/media?parent=117698"}],"wp:term":[{"taxonomy":"category","embeddable":true,"href":"https:\/\/linitiative.ca\/International\/wp-json\/wp\/v2\/categories?post=117698"},{"taxonomy":"post_tag","embeddable":true,"href":"https:\/\/linitiative.ca\/International\/wp-json\/wp\/v2\/tags?post=117698"}],"curies":[{"name":"wp","href":"https:\/\/api.w.org\/{rel}","templated":true}]}}