{"id":117699,"date":"2021-05-31T11:24:33","date_gmt":"2021-05-31T15:24:33","guid":{"rendered":"https:\/\/linitiative.ca\/International\/covid-86-millions-de-personnes-vaccinees-380-000-nouvelles-doses-administrees\/"},"modified":"2021-05-31T11:24:33","modified_gmt":"2021-05-31T15:24:33","slug":"covid-86-millions-de-personnes-vaccinees-380-000-nouvelles-doses-administrees","status":"publish","type":"post","link":"https:\/\/linitiative.ca\/International\/covid-86-millions-de-personnes-vaccinees-380-000-nouvelles-doses-administrees\/","title":{"rendered":"Covid: 8,6 millions de personnes vaccin\u00e9es, 380.000 nouvelles doses administr\u00e9es"},"content":{"rendered":"<p class=\"rtejustify\">Un total de <strong>108<\/strong>\u00a0nouveaux cas d&rsquo;infection au nouveau coronavirus et de <strong>163\u00a0<\/strong>gu\u00e9risons a \u00e9t\u00e9 enregistr\u00e9 au Maroc au cours des derni\u00e8res 24 heures, a indiqu\u00e9 lundi le minist\u00e8re de la Sant\u00e9. Le nombre de personnes ayant re\u00e7u la premi\u00e8re dose du vaccin a atteint <strong>8.674.931<\/strong> , alors que les personnes compl\u00e8tement vaccin\u00e9es (1\u00e8re et 2\u00e8me doses) sont au nombre de <strong>5.468.470<\/strong>. Au total, <strong>380.000<\/strong> nouvelles doses ont \u00e9t\u00e9 administr\u00e9es.<\/p>\n<p class=\"rtejustify\">Les nouveaux cas d&rsquo;infection portent \u00e0 <strong>519.216<\/strong>\u00a0le nombre total de contaminations depuis le premier cas signal\u00e9 en mars 2020, tandis que le nombre de personnes r\u00e9tablies s&rsquo;\u00e9l\u00e8ve \u00e0 <strong>507.125<\/strong>, soit un taux de gu\u00e9rison de 97,7%. A ce jour, le Maroc totalise <strong>9.147<\/strong> d\u00e9c\u00e8s, apr\u00e8s l&rsquo;enregistrement de 4 nouveaux cas. Par ailleurs, les cas actifs sont au nombre de <strong>2.944<\/strong>, tandis que les cas s\u00e9v\u00e8res ou critiques ont atteint <strong>231<\/strong>, dont <strong>9<\/strong>\u00a0plac\u00e9s sous intubation et <strong>99\u00a0<\/strong>sous ventilation non invasive.<\/p>\n<blockquote readability=\"4.75\">\n<p class=\"rtejustify\"><strong>Pour plus de d\u00e9tails, voir l&rsquo;\u00e9volution en temps r\u00e9el de l&rsquo;\u00e9pid\u00e9mie sur <a href=\"https:\/\/www.leconomiste.com\/covid19\/\">https:\/\/www.leconomiste.com\/covid19\/<\/a><\/strong><\/p>\n<\/blockquote>\n<p>Auteur: hgueye<br \/>\n<a href=\"https:\/\/www.leconomiste.com\/flash-infos\/covid-8-6-millions-de-personnes-vaccinees\">Cliquez ici pour lire l&rsquo;article depuis sa source.<\/a><\/p>\n","protected":false},"excerpt":{"rendered":"<p>Un total de 108\u00a0nouveaux cas d&rsquo;infection au nouveau coronavirus et de 163\u00a0gu\u00e9risons a \u00e9t\u00e9 enregistr\u00e9 au Maroc au cours des derni\u00e8res 24 heures, a indiqu\u00e9 lundi le minist\u00e8re de la Sant\u00e9. Le nombre de personnes ayant re\u00e7u la premi\u00e8re dose du vaccin a atteint 8.674.931 , alors que les personnes compl\u00e8tement vaccin\u00e9es (1\u00e8re et 2\u00e8me [&hellip;]<\/p>\n","protected":false},"author":1763,"featured_media":0,"comment_status":"closed","ping_status":"closed","sticky":false,"template":"","format":"standard","meta":{"fifu_image_url":"","fifu_image_alt":"","footnotes":""},"categories":[78,54],"tags":[],"class_list":["post-117699","post","type-post","status-publish","format-standard","hentry","category-economie","category-maroc"],"_links":{"self":[{"href":"https:\/\/linitiative.ca\/International\/wp-json\/wp\/v2\/posts\/117699","targetHints":{"allow":["GET"]}}],"collection":[{"href":"https:\/\/linitiative.ca\/International\/wp-json\/wp\/v2\/posts"}],"about":[{"href":"https:\/\/linitiative.ca\/International\/wp-json\/wp\/v2\/types\/post"}],"author":[{"embeddable":true,"href":"https:\/\/linitiative.ca\/International\/wp-json\/wp\/v2\/users\/1763"}],"replies":[{"embeddable":true,"href":"https:\/\/linitiative.ca\/International\/wp-json\/wp\/v2\/comments?post=117699"}],"version-history":[{"count":0,"href":"https:\/\/linitiative.ca\/International\/wp-json\/wp\/v2\/posts\/117699\/revisions"}],"wp:attachment":[{"href":"https:\/\/linitiative.ca\/International\/wp-json\/wp\/v2\/media?parent=117699"}],"wp:term":[{"taxonomy":"category","embeddable":true,"href":"https:\/\/linitiative.ca\/International\/wp-json\/wp\/v2\/categories?post=117699"},{"taxonomy":"post_tag","embeddable":true,"href":"https:\/\/linitiative.ca\/International\/wp-json\/wp\/v2\/tags?post=117699"}],"curies":[{"name":"wp","href":"https:\/\/api.w.org\/{rel}","templated":true}]}}