{"id":117701,"date":"2021-05-31T13:41:23","date_gmt":"2021-05-31T17:41:23","guid":{"rendered":"https:\/\/linitiative.ca\/International\/le-roi-donne-ses-instructions-pour-la-reouverture-progressive-des-mosquees\/"},"modified":"2021-05-31T13:41:23","modified_gmt":"2021-05-31T17:41:23","slug":"le-roi-donne-ses-instructions-pour-la-reouverture-progressive-des-mosquees","status":"publish","type":"post","link":"https:\/\/linitiative.ca\/International\/le-roi-donne-ses-instructions-pour-la-reouverture-progressive-des-mosquees\/","title":{"rendered":"Le Roi donne ses instructions pour la r\u00e9ouverture progressive des mosqu\u00e9es"},"content":{"rendered":"<p class=\"rtejustify\">Le minist\u00e8re des Habous et des Affaires islamiques a annonc\u00e9 lundi que le Roi Mohammed VI\u00a0a donn\u00e9\u00a0ses hautes instructions pour la r\u00e9ouverture progressive des mosqu\u00e9es ferm\u00e9es, en coordination avec les autorit\u00e9s sanitaires et administratives.<\/p>\n<p class=\"rtejustify\">Selon le d\u00e9partement, un calendrier relatif \u00e0 cette op\u00e9ration sera annonc\u00e9 ult\u00e9rieurement. A noter que Les pri\u00e8res et la pri\u00e8re du vendredi seront accomplies dans toutes les mosqu\u00e9es \u00ab\u00a0en conformit\u00e9 avec les mesures pr\u00e9ventives n\u00e9cessaires dans le cadre de la lutte contre la pand\u00e9mie, particuli\u00e8rement la distanciation sociale et le port des masques\u00a0\u00bb, indique le minist\u00e8re.<\/p>\n<p>Auteur: hgueye<br \/>\n<a href=\"https:\/\/www.leconomiste.com\/flash-infos\/le-roi-donne-ses-instructions-pour-la-reouverture-progressive-des-mosquees\">Cliquez ici pour lire l&rsquo;article depuis sa source.<\/a><\/p>\n","protected":false},"excerpt":{"rendered":"<p>Le minist\u00e8re des Habous et des Affaires islamiques a annonc\u00e9 lundi que le Roi Mohammed VI\u00a0a donn\u00e9\u00a0ses hautes instructions pour la r\u00e9ouverture progressive des mosqu\u00e9es ferm\u00e9es, en coordination avec les autorit\u00e9s sanitaires et administratives. Selon le d\u00e9partement, un calendrier relatif \u00e0 cette op\u00e9ration sera annonc\u00e9 ult\u00e9rieurement. A noter que Les pri\u00e8res et la pri\u00e8re du [&hellip;]<\/p>\n","protected":false},"author":1763,"featured_media":0,"comment_status":"closed","ping_status":"closed","sticky":false,"template":"","format":"standard","meta":{"fifu_image_url":"","fifu_image_alt":"","footnotes":""},"categories":[78,54],"tags":[],"class_list":["post-117701","post","type-post","status-publish","format-standard","hentry","category-economie","category-maroc"],"_links":{"self":[{"href":"https:\/\/linitiative.ca\/International\/wp-json\/wp\/v2\/posts\/117701","targetHints":{"allow":["GET"]}}],"collection":[{"href":"https:\/\/linitiative.ca\/International\/wp-json\/wp\/v2\/posts"}],"about":[{"href":"https:\/\/linitiative.ca\/International\/wp-json\/wp\/v2\/types\/post"}],"author":[{"embeddable":true,"href":"https:\/\/linitiative.ca\/International\/wp-json\/wp\/v2\/users\/1763"}],"replies":[{"embeddable":true,"href":"https:\/\/linitiative.ca\/International\/wp-json\/wp\/v2\/comments?post=117701"}],"version-history":[{"count":0,"href":"https:\/\/linitiative.ca\/International\/wp-json\/wp\/v2\/posts\/117701\/revisions"}],"wp:attachment":[{"href":"https:\/\/linitiative.ca\/International\/wp-json\/wp\/v2\/media?parent=117701"}],"wp:term":[{"taxonomy":"category","embeddable":true,"href":"https:\/\/linitiative.ca\/International\/wp-json\/wp\/v2\/categories?post=117701"},{"taxonomy":"post_tag","embeddable":true,"href":"https:\/\/linitiative.ca\/International\/wp-json\/wp\/v2\/tags?post=117701"}],"curies":[{"name":"wp","href":"https:\/\/api.w.org\/{rel}","templated":true}]}}