{"id":117702,"date":"2021-05-31T15:14:04","date_gmt":"2021-05-31T19:14:04","guid":{"rendered":"https:\/\/linitiative.ca\/International\/international-real-la-presse-espagnole-annonce-sergio-ramos-partant-cet-ete\/"},"modified":"2021-05-31T15:14:04","modified_gmt":"2021-05-31T19:14:04","slug":"international-real-la-presse-espagnole-annonce-sergio-ramos-partant-cet-ete","status":"publish","type":"post","link":"https:\/\/linitiative.ca\/International\/international-real-la-presse-espagnole-annonce-sergio-ramos-partant-cet-ete\/","title":{"rendered":"International : Real : La presse espagnole annonce Sergio Ramos partant cet \u00e9t\u00e9"},"content":{"rendered":"<div readability=\"32\">\n<p>Auteur : <span class=\"time\">lundi 31 mai 2021 13:01<\/span><\/p>\n<\/div>\n<div id=\"post_core\" readability=\"53\">\n<p>Min\u00e9 par les blessures, Sergio Ramos a peu jou\u00e9 cette saison et n&rsquo;a pas \u00e9t\u00e9 retenu par Luis Enrique pour l&rsquo;Euro. En fin de contrat au Real Madrid au 30 juin, le l\u00e9gendaire d\u00e9fenseur central de 35 ans n&rsquo;a toujours pas trouv\u00e9 d&rsquo;accord avec ses dirigeants pour prolonger comme l&rsquo;indique Dailymercato.<\/p>\n<p>Dimanche soir, la Cadena COPE a mis fin au suspense en annon\u00e7ant que le d\u00e9fenseur espagnol allait bien quitter le Real, qui a officialis\u00e9 vendredi dernier l&rsquo;arriv\u00e9e de David Alaba, qui peut \u00e9voluer comme lui au poste d&rsquo;axial gauche. Selon la radio espagnole, Lucas Vazquez va en revanche prolonger son bail au Real Madrid.<\/p>\n<p>De son c\u00f4t\u00e9, Marca se montre un peu moins affirmatif concernant Ramos, mais confirme que la tendance est bien \u00e0 un d\u00e9part. Pour aller o\u00f9 ? Ces derni\u00e8res semaines, le PSG et Manchester City ont \u00e9t\u00e9 r\u00e9guli\u00e8rement associ\u00e9s \u00e0 l&rsquo;ancien joueur de S\u00e9ville.<\/p>\n<p><strong>Publi\u00e9 dans :<\/strong> <span>ramos<\/span><\/p>\n<\/div>\n<p>Auteur:<br \/>\n<a href=\"http:\/\/www.lebuteur.com\/article\/detail?titre=real-la-presse-espagnole-annonce-sergio-ramos-partant-cet-ete&#038;id=100234&#038;utm_source=feedburner&#038;utm_medium=feed&#038;utm_campaign=Feed%3A+GalerieFArtciles+%28Les+derniers+articles++-+lebuteur.com%29\">Cliquez ici pour lire l&rsquo;article depuis sa source.<\/a><\/p>\n","protected":false},"excerpt":{"rendered":"<p>Auteur : lundi 31 mai 2021 13:01 Min\u00e9 par les blessures, Sergio Ramos a peu jou\u00e9 cette saison et n&rsquo;a pas \u00e9t\u00e9 retenu par Luis Enrique pour l&rsquo;Euro. En fin de contrat au Real Madrid au 30 juin, le l\u00e9gendaire d\u00e9fenseur central de 35 ans n&rsquo;a toujours pas trouv\u00e9 d&rsquo;accord avec ses dirigeants pour prolonger [&hellip;]<\/p>\n","protected":false},"author":1738,"featured_media":0,"comment_status":"closed","ping_status":"closed","sticky":false,"template":"","format":"standard","meta":{"fifu_image_url":"\/\/cdn.lebuteur.com\/data\/images\/article\/thumbs\/large-real-la-presse-espagnole-annonce-sergio-ramos-partant-cet-ete-0b23b.jpg","fifu_image_alt":"International : Real : La presse espagnole annonce Sergio Ramos partant cet \u00e9t\u00e9","footnotes":""},"categories":[53,75],"tags":[],"class_list":["post-117702","post","type-post","status-publish","format-standard","hentry","category-algerie","category-sport"],"_links":{"self":[{"href":"https:\/\/linitiative.ca\/International\/wp-json\/wp\/v2\/posts\/117702","targetHints":{"allow":["GET"]}}],"collection":[{"href":"https:\/\/linitiative.ca\/International\/wp-json\/wp\/v2\/posts"}],"about":[{"href":"https:\/\/linitiative.ca\/International\/wp-json\/wp\/v2\/types\/post"}],"author":[{"embeddable":true,"href":"https:\/\/linitiative.ca\/International\/wp-json\/wp\/v2\/users\/1738"}],"replies":[{"embeddable":true,"href":"https:\/\/linitiative.ca\/International\/wp-json\/wp\/v2\/comments?post=117702"}],"version-history":[{"count":0,"href":"https:\/\/linitiative.ca\/International\/wp-json\/wp\/v2\/posts\/117702\/revisions"}],"wp:attachment":[{"href":"https:\/\/linitiative.ca\/International\/wp-json\/wp\/v2\/media?parent=117702"}],"wp:term":[{"taxonomy":"category","embeddable":true,"href":"https:\/\/linitiative.ca\/International\/wp-json\/wp\/v2\/categories?post=117702"},{"taxonomy":"post_tag","embeddable":true,"href":"https:\/\/linitiative.ca\/International\/wp-json\/wp\/v2\/tags?post=117702"}],"curies":[{"name":"wp","href":"https:\/\/api.w.org\/{rel}","templated":true}]}}