{"id":117704,"date":"2021-05-31T15:14:10","date_gmt":"2021-05-31T19:14:10","guid":{"rendered":"https:\/\/linitiative.ca\/International\/international-barca-aguero-presente-ce-soir-garcia-demain\/"},"modified":"2021-05-31T15:14:10","modified_gmt":"2021-05-31T19:14:10","slug":"international-barca-aguero-presente-ce-soir-garcia-demain","status":"publish","type":"post","link":"https:\/\/linitiative.ca\/International\/international-barca-aguero-presente-ce-soir-garcia-demain\/","title":{"rendered":"International : Bar\u00e7a : Ag\u00fcero pr\u00e9sent\u00e9 ce soir, Garcia demain"},"content":{"rendered":"<div readability=\"32\">\n<p>Auteur : <span class=\"time\">lundi 31 mai 2021 15:10<\/span><\/p>\n<\/div>\n<div id=\"post_core\" readability=\"46\">\n<p>Le premier nom d\u00e9voil\u00e9 sera celui de Sergio Ag\u00fcero. Le club catalan acc\u00e9l\u00e8re toutes les proc\u00e9dures pour que l\u2019Argentin soit le premier renfort de la saison \u00e0 venir. Le meilleur buteur de l\u2019histoire de Manchester City a pass\u00e9 ce matin une visite m\u00e9dicale \u00e0 la clinique Creu Blanca avant de sceller d\u00e9finitivement son contrat. Il devrait s\u2019engager avec le Bar\u00e7a jusqu\u2019en 2023.<\/p>\n<p>Sur son site internet, le club catalan a d\u00e9j\u00e0 programm\u00e9 la pr\u00e9sentation du Kun \u00e0 18h15 ce lundi et il se rendra ensuite en Argentine pour rejoindre l\u2019Albiceleste, avec qui il disputera deux matchs de qualification pour la Coupe du monde, puis la Copa America. Ensuite viendra le tour d\u2019Eric Garcia ce mardi. Le co\u00e9quipier d\u2019Ag\u00fcero est d\u00e9j\u00e0 \u00e0 Barcelone depuis dimanche dernier. L\u2019accord est d\u00e9j\u00e0 sign\u00e9, mais le d\u00e9fenseur espagnol passera sa visite m\u00e9dicale demain dans la matin\u00e9e avant d\u2019\u00eatre pr\u00e9sent\u00e9 officiellement plus tard dans la journ\u00e9e.<\/p>\n<p><strong>Publi\u00e9 dans :<\/strong> <span>Garcia<\/span> <span>Bar\u00e7a : Ag\u00fcero<\/span><\/p>\n<\/div>\n<p>Auteur:<br \/>\n<a href=\"http:\/\/www.lebuteur.com\/article\/detail?titre=barca-aguero-presente-ce-soir-garcia-demain&#038;id=100236&#038;utm_source=feedburner&#038;utm_medium=feed&#038;utm_campaign=Feed%3A+GalerieFArtciles+%28Les+derniers+articles++-+lebuteur.com%29\">Cliquez ici pour lire l&rsquo;article depuis sa source.<\/a><\/p>\n","protected":false},"excerpt":{"rendered":"<p>Auteur : lundi 31 mai 2021 15:10 Le premier nom d\u00e9voil\u00e9 sera celui de Sergio Ag\u00fcero. Le club catalan acc\u00e9l\u00e8re toutes les proc\u00e9dures pour que l\u2019Argentin soit le premier renfort de la saison \u00e0 venir. Le meilleur buteur de l\u2019histoire de Manchester City a pass\u00e9 ce matin une visite m\u00e9dicale \u00e0 la clinique Creu Blanca [&hellip;]<\/p>\n","protected":false},"author":1738,"featured_media":0,"comment_status":"closed","ping_status":"closed","sticky":false,"template":"","format":"standard","meta":{"fifu_image_url":"\/\/cdn.lebuteur.com\/data\/images\/article\/thumbs\/large-barca-aguero-presente-ce-soir-garcia-demain-bc079.jpg","fifu_image_alt":"International : Bar\u00e7a : Ag\u00fcero pr\u00e9sent\u00e9 ce soir, Garcia demain","footnotes":""},"categories":[53,75],"tags":[],"class_list":["post-117704","post","type-post","status-publish","format-standard","hentry","category-algerie","category-sport"],"_links":{"self":[{"href":"https:\/\/linitiative.ca\/International\/wp-json\/wp\/v2\/posts\/117704","targetHints":{"allow":["GET"]}}],"collection":[{"href":"https:\/\/linitiative.ca\/International\/wp-json\/wp\/v2\/posts"}],"about":[{"href":"https:\/\/linitiative.ca\/International\/wp-json\/wp\/v2\/types\/post"}],"author":[{"embeddable":true,"href":"https:\/\/linitiative.ca\/International\/wp-json\/wp\/v2\/users\/1738"}],"replies":[{"embeddable":true,"href":"https:\/\/linitiative.ca\/International\/wp-json\/wp\/v2\/comments?post=117704"}],"version-history":[{"count":0,"href":"https:\/\/linitiative.ca\/International\/wp-json\/wp\/v2\/posts\/117704\/revisions"}],"wp:attachment":[{"href":"https:\/\/linitiative.ca\/International\/wp-json\/wp\/v2\/media?parent=117704"}],"wp:term":[{"taxonomy":"category","embeddable":true,"href":"https:\/\/linitiative.ca\/International\/wp-json\/wp\/v2\/categories?post=117704"},{"taxonomy":"post_tag","embeddable":true,"href":"https:\/\/linitiative.ca\/International\/wp-json\/wp\/v2\/tags?post=117704"}],"curies":[{"name":"wp","href":"https:\/\/api.w.org\/{rel}","templated":true}]}}