{"id":117705,"date":"2021-05-31T15:14:11","date_gmt":"2021-05-31T19:14:11","guid":{"rendered":"https:\/\/linitiative.ca\/International\/international-belgique-roberto-martinez-furieux-contre-rudiger\/"},"modified":"2021-05-31T15:14:11","modified_gmt":"2021-05-31T19:14:11","slug":"international-belgique-roberto-martinez-furieux-contre-rudiger","status":"publish","type":"post","link":"https:\/\/linitiative.ca\/International\/international-belgique-roberto-martinez-furieux-contre-rudiger\/","title":{"rendered":"International : Belgique : Roberto Martinez furieux contre R\u00fcdiger"},"content":{"rendered":"<div readability=\"32\">\n<p>Auteur : <span class=\"time\">lundi 31 mai 2021 15:30<\/span><\/p>\n<\/div>\n<div id=\"post_core\" readability=\"46\">\n<p>En conf\u00e9rence de presse, le s\u00e9lectionneur Roberto Martinez n\u2019a pas m\u00e2ch\u00e9 ses mots au moment d\u2019\u00e9voquer ce fait de match. Il semble en vouloir au d\u00e9fenseur allemand.<\/p>\n<p>\u00ab Pour moi, R\u00fcdiger a beaucoup, beaucoup de chance. Quand on regarde le replay, il n&rsquo;y a aucun doute. Il part au duel contre Kevin avec son \u00e9paule. Pour moi, c&rsquo;\u00e9tait une force excessive et une imprudence. Kevin n&rsquo;est pas un joueur qui s&rsquo;\u00e9croule sans raison. Vous pouvez voir la douleur et c&rsquo;est un \u0153il gonfl\u00e9. Il a subi une commotion c\u00e9r\u00e9brale et nous verrons s&rsquo;il se r\u00e9tablit \u00e0 temps \u00bb, a-t-il expliqu\u00e9 rapporte Footmercato.<\/p>\n<p><strong>Publi\u00e9 dans :<\/strong> <span>R\u00fcdiger<\/span> <span>De Bruyne<\/span> <span>Belgique : Roberto Martinez<\/span><\/p>\n<\/div>\n<p>Auteur:<br \/>\n<a href=\"http:\/\/www.lebuteur.com\/article\/detail?titre=belgique-roberto-martinez-furieux-contre-rudiger&#038;id=100237&#038;utm_source=feedburner&#038;utm_medium=feed&#038;utm_campaign=Feed%3A+GalerieFArtciles+%28Les+derniers+articles++-+lebuteur.com%29\">Cliquez ici pour lire l&rsquo;article depuis sa source.<\/a><\/p>\n","protected":false},"excerpt":{"rendered":"<p>Auteur : lundi 31 mai 2021 15:30 En conf\u00e9rence de presse, le s\u00e9lectionneur Roberto Martinez n\u2019a pas m\u00e2ch\u00e9 ses mots au moment d\u2019\u00e9voquer ce fait de match. Il semble en vouloir au d\u00e9fenseur allemand. \u00ab Pour moi, R\u00fcdiger a beaucoup, beaucoup de chance. Quand on regarde le replay, il n&rsquo;y a aucun doute. Il part [&hellip;]<\/p>\n","protected":false},"author":1738,"featured_media":0,"comment_status":"closed","ping_status":"closed","sticky":false,"template":"","format":"standard","meta":{"fifu_image_url":"\/\/cdn.lebuteur.com\/data\/images\/article\/thumbs\/large-100237belgique-roberto-martinez-furieux-contre-rudiger-fc2e9.jpg","fifu_image_alt":"International : Belgique : Roberto Martinez furieux contre R\u00fcdiger","footnotes":""},"categories":[53,75],"tags":[],"class_list":["post-117705","post","type-post","status-publish","format-standard","hentry","category-algerie","category-sport"],"_links":{"self":[{"href":"https:\/\/linitiative.ca\/International\/wp-json\/wp\/v2\/posts\/117705","targetHints":{"allow":["GET"]}}],"collection":[{"href":"https:\/\/linitiative.ca\/International\/wp-json\/wp\/v2\/posts"}],"about":[{"href":"https:\/\/linitiative.ca\/International\/wp-json\/wp\/v2\/types\/post"}],"author":[{"embeddable":true,"href":"https:\/\/linitiative.ca\/International\/wp-json\/wp\/v2\/users\/1738"}],"replies":[{"embeddable":true,"href":"https:\/\/linitiative.ca\/International\/wp-json\/wp\/v2\/comments?post=117705"}],"version-history":[{"count":0,"href":"https:\/\/linitiative.ca\/International\/wp-json\/wp\/v2\/posts\/117705\/revisions"}],"wp:attachment":[{"href":"https:\/\/linitiative.ca\/International\/wp-json\/wp\/v2\/media?parent=117705"}],"wp:term":[{"taxonomy":"category","embeddable":true,"href":"https:\/\/linitiative.ca\/International\/wp-json\/wp\/v2\/categories?post=117705"},{"taxonomy":"post_tag","embeddable":true,"href":"https:\/\/linitiative.ca\/International\/wp-json\/wp\/v2\/tags?post=117705"}],"curies":[{"name":"wp","href":"https:\/\/api.w.org\/{rel}","templated":true}]}}