{"id":117711,"date":"2021-05-31T17:04:32","date_gmt":"2021-05-31T21:04:32","guid":{"rendered":"https:\/\/linitiative.ca\/International\/monia-ben-jemaa-pas-une-victime-de-plus-refka\/"},"modified":"2021-05-31T17:04:32","modified_gmt":"2021-05-31T21:04:32","slug":"monia-ben-jemaa-pas-une-victime-de-plus-refka","status":"publish","type":"post","link":"https:\/\/linitiative.ca\/International\/monia-ben-jemaa-pas-une-victime-de-plus-refka\/","title":{"rendered":"Monia Ben Jemaa: Pas une victime de plus, Refka"},"content":{"rendered":"<p>Refka Cherni est tu\u00e9e par son mari,\u00a0 dans la nuit du 8 au 9 mai, un dimanche. Le 7 mai, le vendredi, elle avait d\u00e9pos\u00e9 plainte contre lui pour coups et blessures. Elle avait une blessure visible et un autre invisible qu\u2019elle ne d\u00e9clare pas \u00e0 la police. Sur r\u00e9quisitoire de celle-ci elle se rend \u00e0 l\u2019h\u00f4pital faire constater les violences et obtenir ce qui lui servira de preuve, un certificat m\u00e9dical initial.\u00a0 Le 8 mai, elle retire sa plainte et dans la nuit du 8 au 9 mai, le soir m\u00eame du retrait de la plainte, il la tue de cinq balles tir\u00e9es \u00e0 bout portant.<\/p>\n<p>Elle n\u2019est malheureusement pas la premi\u00e8re victime de f\u00e9minicide. D\u2019autres l\u2019ont pr\u00e9c\u00e9d\u00e9e, tu\u00e9es par leur partenaire intime ou ex partenaire intime ou un membre de la famille. Selon l\u2019actuelle Rapporteur sp\u00e9ciale violences, Dubravka \u0160imonovi\u0107 qui a fait de la lutte contre les f\u00e9minicides sa priorit\u00e9, \u00ab les homicides commis par le partenaire intime ou un membre de la famille constituent <span class=\"c2\"><strong>la principale cause des homicides commis contre des femmes [\u2026]. En 2012, presque la moiti\u00e9 des femmes victimes de meurtre dans le monde (47 %) ont \u00e9t\u00e9 tu\u00e9es par un membre de leur famille ou par un partenaire intime, contre 6 % des victimes d\u2019homicide de sexe masculin \u00bb\u00a0<\/strong><\/span><\/p>\n<p>Le nombre de ces f\u00e9minicides n\u2019est r\u00e9pertori\u00e9 nulle part, en Tunisie. Or recenser le nombre de f\u00e9minicides est essentiel pour \u00e9tablir des strat\u00e9gies de lutte efficaces, pour qu\u2019il n\u2019y ait plus une victime de plus.<\/p>\n<p>Refka est morte parce que le risque qu\u2019elle encourait a \u00e9t\u00e9 sous estim\u00e9. Parce qu\u2019elle avait retir\u00e9 sa plainte, parce que le certificat m\u00e9dical n\u2019est pas arriv\u00e9 \u00e0 temps, parce que le meurtrier n\u2019avait pas d\u2019ant\u00e9c\u00e9dents judiciaires et qu\u2019il \u00e9tait, de par sa fonction, gardien de l\u2019ordre. Il a \u00e9t\u00e9 laiss\u00e9 en libert\u00e9 et a tu\u00e9 Refka avec son arme de fonction. Ailleurs, dans d\u2019autres pays, le risque est tout aussi sous estim\u00e9. En France, pr\u00e8s du tiers des femmes victimes de f\u00e9minicides avaient au pr\u00e9alable d\u00e9pos\u00e9 plainte.\u00a0<\/p>\n<p>Pr\u00e9venir ces meurtres, c\u2019est d\u2019abord savoir \u00e9couter les femmes qui d\u00e9posent plainte. Les \u00e9couter dans des lieux, accueillants, paisibles, s\u00e9par\u00e9s de ceux des d\u00e9p\u00f4ts habituels de plainte. Savoir \u00e9couter, c\u2019est apprendre \u00e0 \u00e9couter les silences de la femme victime de violences. Les femmes qui portent plainte pour violences du partenaire intime actuel ou pass\u00e9, ne le font pas au premier coup qui leur ait ass\u00e9n\u00e9. Elles le font g\u00e9n\u00e9ralement apr\u00e8s un plus ou moins long pass\u00e9 de violences r\u00e9guli\u00e8res, parce qu\u2019elles ont peur de leur agresseur. Parce que le syst\u00e8me agresseur inverse la culpabilit\u00e9 sur elles et les couvre de honte. Les femmes ont d\u2019autant plus peur que leur agresseur fait partie du corps de la police ou de la garde nationale, et qu\u2019en g\u00e9n\u00e9ral elles craignent la police. Et si elles arrivent \u00e0 surmonter leur terreur, c\u2019est parce qu\u2019elles sentent la mort roder autour d\u2019elle.<\/p>\n<p>Le sachant, il faut savoir \u00eatre attentif aux silences, s\u2019assurer que la femme ne minimise ni la violence qu\u2019elle subit ni sa fr\u00e9quence. Une \u00e9coute bienveillante et s\u00e9curis\u00e9e de Refka aurait permis de savoir qu\u2019elle n\u2019avait pas qu\u2019une blessure visible, mais d\u2019autres invisibles et que les violences \u00e9taient fr\u00e9quentes, physiques et morales. Les unit\u00e9s sp\u00e9cialis\u00e9es-qui n\u2019ont pas recueilli la parole de Refka car elle ne s\u2019y \u00e9tait pas adress\u00e9e- sont dit sp\u00e9cialis\u00e9s car form\u00e9s \u00e0 l\u2019\u00e9coute des femmes victimes de violence. T\u00e2che nouvelle, inhabituelle pour eux et qui demande des ann\u00e9es de formation et de pratique. Les violences sexistes et en particulier les violences dans le couple sont encore trop souvent assimil\u00e9es \u00e0 de simples conflits, des disputes d\u2019amoureux. Ils finiront bien par se r\u00e9concilier dira-t-on\u00a0 et d\u2019ailleurs bien souvent les victimes retirent leur plainte. On pr\u00e9f\u00e9rera dire qu\u2019elle a pardonn\u00e9 quand le retrait n\u2019est motiv\u00e9 que par la peur et les menaces de mort de l\u2019agresseur.<\/p>\n<p>Prendre au s\u00e9rieux une plainte de violences commises par un partenaire intime, c\u2019est imm\u00e9diatement prendre des mesures de protection. Et la loi n\u00b058-2017 relative \u00e0 l\u2019\u00e9radication des violences contre la femme donne tous les outils n\u00e9cessaires \u00e0 cette protection. L\u2019une des premi\u00e8res choses \u00e0 faire est de rechercher si l\u2019agresseur a des armes et si oui, les lui retirer, m\u00eame s\u2019il s\u2019agit d\u2019armes de fonctions.<\/p>\n<p>On peut ne pas arr\u00eater tout agresseur pr\u00e9sum\u00e9, certes, mais l\u2019\u00e9loigner de la victime est possible. Les unit\u00e9s sp\u00e9cialis\u00e9es de la police et de la garde nationale y sont autoris\u00e9es par la loi apr\u00e8s autorisation du Procureur de la R\u00e9publique. Il existe des bracelets anti rapprochement reli\u00e9s \u00e0 la police et \u00e0 la victime. Si l\u2019agresseur se rapproche de la victime, la police et la victime en sont imm\u00e9diatement inform\u00e9es. Il suffirait de s\u2019en procurer.<\/p>\n<p>Il y a beaucoup de choses que l\u2019on pourrait faire qu\u2019on ne fait pas par manque de moyens, il est vrai, mais veut-on vraiment y mettre les moyens ?<\/p>\n<p>Je suis rest\u00e9e coite quand j\u2019ai entendu un repr\u00e9sentant de l\u2019Etat dire \u00ab mais pourquoi autant de bruits autour du meurtre de Refka ? Une autre vient d\u2019\u00eatre assassin\u00e9e par son \u00e9poux et personne n\u2019en a parl\u00e9 \u00bb Non pas parce que je trouvais qu\u2019il banalisait les f\u00e9minicides, mais parce que cela signifiait que ceux ci \u00e9taient nombreux, fr\u00e9quents, mais invisibilis\u00e9s, non r\u00e9pertori\u00e9s. Et je suis rest\u00e9e tout autant sid\u00e9r\u00e9e du manque de r\u00e9action des partis politiques, du chef du gouvernement, du chef de l\u2019Etat et du parlement. Une femme \u00e2g\u00e9e de 26 ans, tu\u00e9e de cinq balles de revolver tir\u00e9es \u00e0 bout portant par son \u00e9poux et c\u2019est le silence. Le silence d\u2019un Etat qui s\u2019est pourtant engag\u00e9 dans sa constitution \u00e0 \u00e9radiquer les violences contre les femmes.<\/p>\n<p>Des chiffres on finira par les avoir, la soci\u00e9t\u00e9 civile y veillera certainement. M\u00eame si ces chiffres seront toujours sous estim\u00e9s. Des femmes se suicident, contraintes au suicide parce qu\u2019elles n\u2019ont plus la force de vivre, perdent l\u2019estime d\u2019elles m\u00eames et, l\u2019esprit colonis\u00e9 par leur agresseur, sous emprise feront ce qu\u2019il leur intimera ou sugg\u00e8rera de faire : se donner la mort. Pas de meurtres, pas d\u2019assassinats, un suicide\u2026<\/p>\n<p>Mais le reste, la protection, la soci\u00e9t\u00e9 civile ne peut seule l\u2019assurer, ce n\u2019est pas son r\u00f4le. L\u2019Etat doit y mettre les moyens, bracelets anti rapprochement, et pour une meilleure formation de ceux qui recueillent les plaintes des violences, ceux qui dans le secteur de la sant\u00e9 constatent les violences, ceux qui jugent les agresseurs. Toutes les affaires de violences conjugales qui sont parvenues \u00e0 ma connaissance (tr\u00e8s peu, il est vrai, la loi est r\u00e9cente) se sont sold\u00e9es par des circonstances att\u00e9nuantes accord\u00e9es \u00e0 l\u2019agresseur. Parce qu\u2019on \u00e9coute l\u2019agresseur et jamais sinon si peu les victimes. L\u2019agresseur saura plaider sa cause comme il le fait quand il agresse sa partenaire. Il a perdu les p\u00e9dales, parce que le ch\u00f4mage, parce que l\u2019alcool, parce que la drogue, parce qu\u2019il a v\u00e9cu une enfance malheureuse, parce que la maladie dont il souffre, parce sa femme n\u2019a pas su le rassurer, qu\u2019elle lui a tenu t\u00eate etc. Il jure qu\u2019il ne recommencera plus, dans des affaires de violences au long cours qui plus est. On trouve tout \u00e7a dans les jugements et pour ce qui est de la victime, le certificat m\u00e9dical parlera pour elle.<\/p>\n<p>Installer des refuges pour les victimes partout. Dans les municipalit\u00e9s, chacune devrait pouvoir en \u00eatre pourvue. Et des refuges pour les hommes violents \u00e9loign\u00e9s sur d\u00e9cision de justice de leur domicile. Et des groupes de parole pour eux, comme les groupes des alcooliques anonymes, il para\u00eet que \u00e7a fonctionne tr\u00e8s bien. Assurer leur r\u00e9\u00e9ducation pour que, comme il a \u00e9t\u00e9 dit, apr\u00e8s leur \u00e9ventuelle d\u00e9tention, ils ne se vengent pas sur leur victime.<\/p>\n<p>Une femme sur deux est victime de violences intrafamiliale et dans le couple, peut-\u00eatre m\u00eame un peu plus car ces chiffres datent de l\u2019ann\u00e9e 2011 et on sait que ces violences ont augment\u00e9 ces derniers temps, notamment lors des confinements. Si plus de 50% de femmes vivent dans l\u2019ins\u00e9curit\u00e9 dans leur logis, il n\u2019y a d\u2019ordre et de s\u00e9curit\u00e9 nulle part dans le pays.<\/p>\n<p>Pas une victime de plus, Refka, je sais que c\u2019est un v\u0153u pieux, mais je le fais.<\/p>\n<p class=\"c3\"><strong>Monia Ben J\u00e9mia<\/strong><br \/>\u00a0<br \/>\u00a0<\/p>\n<p>Auteur:<br \/>\n<a href=\"https:\/\/www.leaders.com.tn\/article\/31960-monia-ben-jemaa-pas-une-victime-de-plus-refka\">Cliquez ici pour lire l&rsquo;article depuis sa source.<\/a><\/p>\n","protected":false},"excerpt":{"rendered":"<p>Refka Cherni est tu\u00e9e par son mari,\u00a0 dans la nuit du 8 au 9 mai, un dimanche. Le 7 mai, le vendredi, elle avait d\u00e9pos\u00e9 plainte contre lui pour coups et blessures. Elle avait une blessure visible et un autre invisible qu\u2019elle ne d\u00e9clare pas \u00e0 la police. Sur r\u00e9quisitoire de celle-ci elle se rend [&hellip;]<\/p>\n","protected":false},"author":1772,"featured_media":0,"comment_status":"closed","ping_status":"closed","sticky":false,"template":"","format":"standard","meta":{"fifu_image_url":"","fifu_image_alt":"","footnotes":""},"categories":[73,55],"tags":[],"class_list":["post-117711","post","type-post","status-publish","format-standard","hentry","category-actualite","category-tunisie"],"_links":{"self":[{"href":"https:\/\/linitiative.ca\/International\/wp-json\/wp\/v2\/posts\/117711","targetHints":{"allow":["GET"]}}],"collection":[{"href":"https:\/\/linitiative.ca\/International\/wp-json\/wp\/v2\/posts"}],"about":[{"href":"https:\/\/linitiative.ca\/International\/wp-json\/wp\/v2\/types\/post"}],"author":[{"embeddable":true,"href":"https:\/\/linitiative.ca\/International\/wp-json\/wp\/v2\/users\/1772"}],"replies":[{"embeddable":true,"href":"https:\/\/linitiative.ca\/International\/wp-json\/wp\/v2\/comments?post=117711"}],"version-history":[{"count":0,"href":"https:\/\/linitiative.ca\/International\/wp-json\/wp\/v2\/posts\/117711\/revisions"}],"wp:attachment":[{"href":"https:\/\/linitiative.ca\/International\/wp-json\/wp\/v2\/media?parent=117711"}],"wp:term":[{"taxonomy":"category","embeddable":true,"href":"https:\/\/linitiative.ca\/International\/wp-json\/wp\/v2\/categories?post=117711"},{"taxonomy":"post_tag","embeddable":true,"href":"https:\/\/linitiative.ca\/International\/wp-json\/wp\/v2\/tags?post=117711"}],"curies":[{"name":"wp","href":"https:\/\/api.w.org\/{rel}","templated":true}]}}