{"id":117712,"date":"2021-05-31T06:00:00","date_gmt":"2021-05-31T10:00:00","guid":{"rendered":"https:\/\/linitiative.ca\/International\/vacances-prematurees\/"},"modified":"2021-05-31T06:00:00","modified_gmt":"2021-05-31T10:00:00","slug":"vacances-prematurees","status":"publish","type":"post","link":"https:\/\/linitiative.ca\/International\/vacances-prematurees\/","title":{"rendered":"Vacances pr\u00e9matur\u00e9es"},"content":{"rendered":"<p class=\"c3\">Sit\u00f4t les compositions du dernier trimestre achev\u00e9es, de nombreux \u00e9tablissements scolaires se sont d\u00e9j\u00e0 mis en mode vacances.\u00a0 Des \u00e9l\u00e8ves des trois paliers ont tout simplement \u00e9t\u00e9 pri\u00e9s de rentrer chez eux en ce d\u00e9but de semaine, sans avoir eu ni droit \u00e0 une correction des compositions ni encore moins pu prendre connaissance de leurs notes.\u00a0<br \/>Une situation qui se r\u00e9p\u00e8te \u00e0 chaque fin de dernier trimestre, alors que selon le calendrier officiel, les \u00e9l\u00e8ves devraient rester en classe jusqu&rsquo;\u00e0 la fin du mois de juin.<\/p>\n<p>Auteur:<br \/>\n<a href=\"https:\/\/www.lesoirdalgerie.com\/periscoop\/vacances-prematurees-61974\">Cliquez ici pour lire l&rsquo;article depuis sa source.<\/a><\/p>\n","protected":false},"excerpt":{"rendered":"<p>Sit\u00f4t les compositions du dernier trimestre achev\u00e9es, de nombreux \u00e9tablissements scolaires se sont d\u00e9j\u00e0 mis en mode vacances.\u00a0 Des \u00e9l\u00e8ves des trois paliers ont tout simplement \u00e9t\u00e9 pri\u00e9s de rentrer chez eux en ce d\u00e9but de semaine, sans avoir eu ni droit \u00e0 une correction des compositions ni encore moins pu prendre connaissance de leurs [&hellip;]<\/p>\n","protected":false},"author":1741,"featured_media":0,"comment_status":"closed","ping_status":"closed","sticky":false,"template":"","format":"standard","meta":{"fifu_image_url":"","fifu_image_alt":"","footnotes":""},"categories":[73,53],"tags":[],"class_list":["post-117712","post","type-post","status-publish","format-standard","hentry","category-actualite","category-algerie"],"_links":{"self":[{"href":"https:\/\/linitiative.ca\/International\/wp-json\/wp\/v2\/posts\/117712","targetHints":{"allow":["GET"]}}],"collection":[{"href":"https:\/\/linitiative.ca\/International\/wp-json\/wp\/v2\/posts"}],"about":[{"href":"https:\/\/linitiative.ca\/International\/wp-json\/wp\/v2\/types\/post"}],"author":[{"embeddable":true,"href":"https:\/\/linitiative.ca\/International\/wp-json\/wp\/v2\/users\/1741"}],"replies":[{"embeddable":true,"href":"https:\/\/linitiative.ca\/International\/wp-json\/wp\/v2\/comments?post=117712"}],"version-history":[{"count":0,"href":"https:\/\/linitiative.ca\/International\/wp-json\/wp\/v2\/posts\/117712\/revisions"}],"wp:attachment":[{"href":"https:\/\/linitiative.ca\/International\/wp-json\/wp\/v2\/media?parent=117712"}],"wp:term":[{"taxonomy":"category","embeddable":true,"href":"https:\/\/linitiative.ca\/International\/wp-json\/wp\/v2\/categories?post=117712"},{"taxonomy":"post_tag","embeddable":true,"href":"https:\/\/linitiative.ca\/International\/wp-json\/wp\/v2\/tags?post=117712"}],"curies":[{"name":"wp","href":"https:\/\/api.w.org\/{rel}","templated":true}]}}