{"id":117713,"date":"2021-05-31T06:00:00","date_gmt":"2021-05-31T10:00:00","guid":{"rendered":"https:\/\/linitiative.ca\/International\/voila-comment-ils-defient-leur-courage\/"},"modified":"2021-05-31T06:00:00","modified_gmt":"2021-05-31T10:00:00","slug":"voila-comment-ils-defient-leur-courage","status":"publish","type":"post","link":"https:\/\/linitiative.ca\/International\/voila-comment-ils-defient-leur-courage\/","title":{"rendered":"Voil\u00e0 comment ils d\u00e9fient leur courage !"},"content":{"rendered":"<p class=\"c3\">\u00c0 l\u2019origine d\u2019un \u00e9change, il y a souvent un besoin de partager ses soucis. Apr\u00e8s, dans des cas qui font l\u2019actualit\u00e9 par la violence qui les caract\u00e9rise, on n\u2019\u00e9crit pas pour le plaisir de bavarder mais dans l\u2019espoir que ceux ou celles auxquels on s\u2019adresse puissent nous rejoindre et nous aider \u00e0 mieux comprendre. Les femmes vivent des drames \u00e0 r\u00e9p\u00e9tition parce que la sanction \u00e0 infliger n\u2019est jamais con\u00e7ue pour servir d\u2019exemple. Les explications cens\u00e9es faire la lumi\u00e8re sur ce genre d\u2019agressions ne sont jamais les bonnes et leur ampleur est toujours revue \u00e0 la baisse. D\u00e9fier le courage des femmes, casser leur d\u00e9termination \u00e0 s\u2019\u00e9manciper d\u2019une domination masculine qui s\u2019exerce violemment, quand elle se sait mise en doute, par un genre tax\u00e9 de \u00abfaible\u00bb par autrement plus faible. On m\u2019a toujours appris que les coups \u00e9taient l\u2019arme dont se servaient les faibles pour se faire entendre. Dans l\u2019\u00e9ternel bras de fer que cultivent \u00e0 dessein des syst\u00e8mes conservateurs comme le n\u00f4tre, on compose tr\u00e8s volontiers avec une misogynie\u00a0 dont l\u2019\u00e9panouissement passe pour normal. Voil\u00e0 pourquoi les regards se d\u00e9tournent des violences qui ciblent les femmes. On ne compte plus les trag\u00e9dies que l\u2019on enterre sous un silence entendu entre hommes et impos\u00e9 par la menace aux femmes. Les cas o\u00f9 l\u2019on ne parle pas de ces choses qui troublent et vous retournent les sens par crainte que le ciel vous tombe sur la t\u00eate sont l\u00e9gion. Voil\u00e0 comment passent inaper\u00e7us, quand ils ne sont pas tol\u00e9r\u00e9s, les viols commis par des hommes transform\u00e9s en d\u00e9linquants sexuels par une soci\u00e9t\u00e9 qui ne voit pas d\u2019un bon \u0153il les \u00e9changes extra-conjugaux. Un pays qui interdit tout contact physique hors- mariage, encourage la frustration et sugg\u00e8re aux hommes d\u2019aller se soulager aupr\u00e8s de femmes indiqu\u00e9es comme proies id\u00e9ales.<br \/>On n\u2019entend jamais des \u00e9tudiants demander plus de protection ! Les \u00e9tudiantes, elles, par contre, le font r\u00e9guli\u00e8rement. En vain ! Proies faciles, elles succombent sous les coups de brutes indignes. On les r\u00e9pudie et jette \u00e0 la rue et si cela ne suffit pas \u00e0 essouffler leur r\u00e9sistance, on les viole pour briser en elles la volont\u00e9 d\u2019\u00e9voluer par elles-m\u00eames.\u00a0<br \/><em><strong>M. B.<\/strong><\/em><\/p>\n<p>Auteur:<br \/>\n<a href=\"https:\/\/www.lesoirdalgerie.com\/soit-dit-en-passant\/voila-comment-ils-defient-leur-courage-61973\">Cliquez ici pour lire l&rsquo;article depuis sa source.<\/a><\/p>\n","protected":false},"excerpt":{"rendered":"<p>\u00c0 l\u2019origine d\u2019un \u00e9change, il y a souvent un besoin de partager ses soucis. Apr\u00e8s, dans des cas qui font l\u2019actualit\u00e9 par la violence qui les caract\u00e9rise, on n\u2019\u00e9crit pas pour le plaisir de bavarder mais dans l\u2019espoir que ceux ou celles auxquels on s\u2019adresse puissent nous rejoindre et nous aider \u00e0 mieux comprendre. Les [&hellip;]<\/p>\n","protected":false},"author":1741,"featured_media":0,"comment_status":"closed","ping_status":"closed","sticky":false,"template":"","format":"standard","meta":{"fifu_image_url":"","fifu_image_alt":"","footnotes":""},"categories":[73,53],"tags":[],"class_list":["post-117713","post","type-post","status-publish","format-standard","hentry","category-actualite","category-algerie"],"_links":{"self":[{"href":"https:\/\/linitiative.ca\/International\/wp-json\/wp\/v2\/posts\/117713","targetHints":{"allow":["GET"]}}],"collection":[{"href":"https:\/\/linitiative.ca\/International\/wp-json\/wp\/v2\/posts"}],"about":[{"href":"https:\/\/linitiative.ca\/International\/wp-json\/wp\/v2\/types\/post"}],"author":[{"embeddable":true,"href":"https:\/\/linitiative.ca\/International\/wp-json\/wp\/v2\/users\/1741"}],"replies":[{"embeddable":true,"href":"https:\/\/linitiative.ca\/International\/wp-json\/wp\/v2\/comments?post=117713"}],"version-history":[{"count":0,"href":"https:\/\/linitiative.ca\/International\/wp-json\/wp\/v2\/posts\/117713\/revisions"}],"wp:attachment":[{"href":"https:\/\/linitiative.ca\/International\/wp-json\/wp\/v2\/media?parent=117713"}],"wp:term":[{"taxonomy":"category","embeddable":true,"href":"https:\/\/linitiative.ca\/International\/wp-json\/wp\/v2\/categories?post=117713"},{"taxonomy":"post_tag","embeddable":true,"href":"https:\/\/linitiative.ca\/International\/wp-json\/wp\/v2\/tags?post=117713"}],"curies":[{"name":"wp","href":"https:\/\/api.w.org\/{rel}","templated":true}]}}