{"id":117714,"date":"2021-05-31T06:00:00","date_gmt":"2021-05-31T10:00:00","guid":{"rendered":"https:\/\/linitiative.ca\/International\/bengrina\/"},"modified":"2021-05-31T06:00:00","modified_gmt":"2021-05-31T10:00:00","slug":"bengrina","status":"publish","type":"post","link":"https:\/\/linitiative.ca\/International\/bengrina\/","title":{"rendered":"Bengrina"},"content":{"rendered":"<p><a href=\"\/actualites\/des-scientifiques-expliquent-le-pourquoi-du-confinement-61813\"><\/p>\n<div class=\"image\"><img class=\"lazy\" data-original=\"\/data\/images\/article\/thumbs\/ls-pourquoi-il-faut-confiner-les-voyageurs-4a927.jpg\"\/><\/p>\n<p><span>2<\/span><\/p>\n<\/div>\n<p><\/a><\/p>\n<p class=\"type-date\"><span>Actualit\u00e9s<\/span> 11:00 | 27-05-2021<\/p>\n<p><a href=\"\/actualites\/des-scientifiques-expliquent-le-pourquoi-du-confinement-61813\"><\/p>\n<h5 class=\"first-title\">OUVERTURE DES FRONTI\u00c8RES<\/h5>\n<p><\/a> <a href=\"\/actualites\/des-scientifiques-expliquent-le-pourquoi-du-confinement-61813\"><\/p>\n<h5 class=\"title\">Des scientifiques expliquent le pourquoi du confinement<\/h5>\n<p><\/a><\/p>\n<p class=\"text\">Le confinement obligatoire impos\u00e9 aux passagers choisissant la destination Alg\u00e9rie suscite autant d\u2019interrogations que d\u2019incompr\u00e9hensions. Pourquoi imposer une quarantaine \u00e0 des personnes pr\u00e9sentant un test PCR n\u00e9gatif ? Idem pour les personnes vaccin\u00e9es. Explications du Pr Salim Nafti, ancien chef de service de pneumologie au CHU Mustapha, et du<\/p>\n<p>Auteur:<br \/>\n<a href=\"https:\/\/www.lesoirdalgerie.com\/digoutage\/bengrina-61972\">Cliquez ici pour lire l&rsquo;article depuis sa source.<\/a><\/p>\n","protected":false},"excerpt":{"rendered":"<p>2 Actualit\u00e9s 11:00 | 27-05-2021 OUVERTURE DES FRONTI\u00c8RES Des scientifiques expliquent le pourquoi du confinement Le confinement obligatoire impos\u00e9 aux passagers choisissant la destination Alg\u00e9rie suscite autant d\u2019interrogations que d\u2019incompr\u00e9hensions. Pourquoi imposer une quarantaine \u00e0 des personnes pr\u00e9sentant un test PCR n\u00e9gatif ? Idem pour les personnes vaccin\u00e9es. Explications du Pr Salim Nafti, ancien chef [&hellip;]<\/p>\n","protected":false},"author":1741,"featured_media":0,"comment_status":"closed","ping_status":"closed","sticky":false,"template":"","format":"standard","meta":{"fifu_image_url":"","fifu_image_alt":"","footnotes":""},"categories":[73,53],"tags":[],"class_list":["post-117714","post","type-post","status-publish","format-standard","hentry","category-actualite","category-algerie"],"_links":{"self":[{"href":"https:\/\/linitiative.ca\/International\/wp-json\/wp\/v2\/posts\/117714","targetHints":{"allow":["GET"]}}],"collection":[{"href":"https:\/\/linitiative.ca\/International\/wp-json\/wp\/v2\/posts"}],"about":[{"href":"https:\/\/linitiative.ca\/International\/wp-json\/wp\/v2\/types\/post"}],"author":[{"embeddable":true,"href":"https:\/\/linitiative.ca\/International\/wp-json\/wp\/v2\/users\/1741"}],"replies":[{"embeddable":true,"href":"https:\/\/linitiative.ca\/International\/wp-json\/wp\/v2\/comments?post=117714"}],"version-history":[{"count":0,"href":"https:\/\/linitiative.ca\/International\/wp-json\/wp\/v2\/posts\/117714\/revisions"}],"wp:attachment":[{"href":"https:\/\/linitiative.ca\/International\/wp-json\/wp\/v2\/media?parent=117714"}],"wp:term":[{"taxonomy":"category","embeddable":true,"href":"https:\/\/linitiative.ca\/International\/wp-json\/wp\/v2\/categories?post=117714"},{"taxonomy":"post_tag","embeddable":true,"href":"https:\/\/linitiative.ca\/International\/wp-json\/wp\/v2\/tags?post=117714"}],"curies":[{"name":"wp","href":"https:\/\/api.w.org\/{rel}","templated":true}]}}