{"id":117718,"date":"2021-05-31T13:14:32","date_gmt":"2021-05-31T17:14:32","guid":{"rendered":"https:\/\/linitiative.ca\/International\/coronavirus-reouverture-de-lensemble-des-mosquees-du-royaume\/"},"modified":"2021-05-31T13:14:32","modified_gmt":"2021-05-31T17:14:32","slug":"coronavirus-reouverture-de-lensemble-des-mosquees-du-royaume","status":"publish","type":"post","link":"https:\/\/linitiative.ca\/International\/coronavirus-reouverture-de-lensemble-des-mosquees-du-royaume\/","title":{"rendered":"Coronavirus :  r\u00e9ouverture de l\u2019ensemble des mosqu\u00e9es du royaume"},"content":{"rendered":"<p><strong>L\u2019ensemble des mosqu\u00e9es du royaume vont bient\u00f4t rouvrir. C\u2019est l\u2019annonce faite le 31 mai par le ministre des Habous et des Affaires islamiques devant la Chambre des repr\u00e9sentants.<\/strong><\/p>\n<div class=\"c10\">\n<\/div>\n<p>Le ministre des Habous et des Affaires islamiques, Ahmed Toufiq, sur instruction royale et dans le cadre de l\u2019all\u00e9gement des mesures de restrictions, a annonc\u00e9 le 31 mai que l\u2019ensemble des mosqu\u00e9es du pays vont pouvoir rouvrir leurs portes. Il a fait cette annonce lors de son passage devant la Chambre des repr\u00e9sentants. Toutefois, Ahmed Toufiq a indiqu\u00e9 que cette r\u00e9ouverture se fera dans le strict respect des mesures de s\u00e9curit\u00e9 sanitaire. Soulignons que cette d\u00e9cision fait suite \u00e0 l\u2019all\u00e9gement des mesures restrictives, compte tenu de l\u2019\u00e9volution favorable de la situation \u00e9pid\u00e9miologique.<\/p>\n<p><strong>Lire aussi| <a href=\"https:\/\/www.challenge.ma\/les-exportations-marocaines-de-tomates-vers-la-russie-divisees-par-trois-en-quatre-ans-185293\/\">Les exportations marocaines de tomates vers la Russie divis\u00e9es par trois en quatre ans<\/a><\/strong><\/p>\n<p>Un communiqu\u00e9 du minist\u00e8re indique ainsi que les pri\u00e8res et la pri\u00e8re du vendredi seront accomplies dans toutes les mosqu\u00e9es en conformit\u00e9 avec les mesures pr\u00e9ventives n\u00e9cessaires dans le cadre de la lutte contre la pand\u00e9mie, particuli\u00e8rement la distanciation sociale et le port des masques. Le minist\u00e8re indique aussi que les fid\u00e8les doivent faire leurs ablutions avant de se rendre aux mosqu\u00e9es parce que les salles d\u2019ablutions resteront ferm\u00e9es. Toutefois, le d\u00e9partement d\u2019Ahmed Toufiq souligne qu\u2019un calendrier relatif \u00e0 cette op\u00e9ration sera annonc\u00e9 ult\u00e9rieurement.<\/p>\n<p><strong>Lire aussi| <a href=\"https:\/\/www.challenge.ma\/coronavirus-ce-quil-faut-retenir-du-diagnostic-de-la-bad-et-de-loit-sur-la-gestion-faite-par-le-maroc-186372\/\">Coronavirus : ce qu\u2019il faut retenir du diagnostic de la BAD et de l\u2019OIT sur la gestion faite par le Maroc<\/a><\/strong><\/p>\n<p>Auteur: challenge<br \/>\n<a href=\"https:\/\/www.challenge.ma\/coronavirus-reouverture-de-lensemble-des-mosquees-du-royaume-186431\/\">Cliquez ici pour lire l&rsquo;article depuis sa source.<\/a><\/p>\n","protected":false},"excerpt":{"rendered":"<p>L\u2019ensemble des mosqu\u00e9es du royaume vont bient\u00f4t rouvrir. C\u2019est l\u2019annonce faite le 31 mai par le ministre des Habous et des Affaires islamiques devant la Chambre des repr\u00e9sentants. Le ministre des Habous et des Affaires islamiques, Ahmed Toufiq, sur instruction royale et dans le cadre de l\u2019all\u00e9gement des mesures de restrictions, a annonc\u00e9 le 31 [&hellip;]<\/p>\n","protected":false},"author":1787,"featured_media":0,"comment_status":"closed","ping_status":"closed","sticky":false,"template":"","format":"standard","meta":{"fifu_image_url":"","fifu_image_alt":"","footnotes":""},"categories":[78,54],"tags":[],"class_list":["post-117718","post","type-post","status-publish","format-standard","hentry","category-economie","category-maroc"],"_links":{"self":[{"href":"https:\/\/linitiative.ca\/International\/wp-json\/wp\/v2\/posts\/117718","targetHints":{"allow":["GET"]}}],"collection":[{"href":"https:\/\/linitiative.ca\/International\/wp-json\/wp\/v2\/posts"}],"about":[{"href":"https:\/\/linitiative.ca\/International\/wp-json\/wp\/v2\/types\/post"}],"author":[{"embeddable":true,"href":"https:\/\/linitiative.ca\/International\/wp-json\/wp\/v2\/users\/1787"}],"replies":[{"embeddable":true,"href":"https:\/\/linitiative.ca\/International\/wp-json\/wp\/v2\/comments?post=117718"}],"version-history":[{"count":0,"href":"https:\/\/linitiative.ca\/International\/wp-json\/wp\/v2\/posts\/117718\/revisions"}],"wp:attachment":[{"href":"https:\/\/linitiative.ca\/International\/wp-json\/wp\/v2\/media?parent=117718"}],"wp:term":[{"taxonomy":"category","embeddable":true,"href":"https:\/\/linitiative.ca\/International\/wp-json\/wp\/v2\/categories?post=117718"},{"taxonomy":"post_tag","embeddable":true,"href":"https:\/\/linitiative.ca\/International\/wp-json\/wp\/v2\/tags?post=117718"}],"curies":[{"name":"wp","href":"https:\/\/api.w.org\/{rel}","templated":true}]}}