{"id":117719,"date":"2021-05-31T15:15:16","date_gmt":"2021-05-31T19:15:16","guid":{"rendered":"https:\/\/linitiative.ca\/International\/explosion-a-la-snep-2-morts-et-un-blesse-leger\/"},"modified":"2021-05-31T15:15:16","modified_gmt":"2021-05-31T19:15:16","slug":"explosion-a-la-snep-2-morts-et-un-blesse-leger","status":"publish","type":"post","link":"https:\/\/linitiative.ca\/International\/explosion-a-la-snep-2-morts-et-un-blesse-leger\/","title":{"rendered":"Explosion \u00e0 la SNEP : 2 morts et un bless\u00e9 l\u00e9ger"},"content":{"rendered":"<p><strong>On en sait un peu plus sur l\u2019explosion qui s\u2019est produite le 31 mai \u00e0 la <a href=\"https:\/\/www.snep.ma\/\">SNEP (Soci\u00e9t\u00e9 Nationale d\u2019Electrolyse et de P\u00e9trochimie)<\/a>. Les d\u00e9tails.<\/strong><\/p>\n<div class=\"c10\">\n<\/div>\n<p>Selon le bilan communiqu\u00e9, deux personnes ont \u00e9t\u00e9 tu\u00e9es et une autre a \u00e9t\u00e9 \u00a0l\u00e9g\u00e8rement bless\u00e9e dans l\u2019explosion survenue dans une unit\u00e9 industrielle de p\u00e9trochimie \u00e0 Mohammedia. \u00ab\u00a0Lundi 31 Mai 2021 \u00e0 15h15, lors du premier jour de l\u2019arr\u00eat g\u00e9n\u00e9ral annuel de maintenance du complexe industriel SNEP, un accident de travail a eu lieu , caus\u00e9 par la d\u00e9flagration d\u2019un bac vide d\u2019acide chlorhydrique de petite taille (7 m\u00e8tres cube) pr\u00e9alablement inerte\u00a0\u00bb, pr\u00e9cise la SNEP.<\/p>\n<p><strong>Lire aussi | <a href=\"https:\/\/www.challenge.ma\/le-saoudien-amiantit-prend-le-controle-damitech-maroc-183903\/\">Le saoudien Amiantit prend le contr\u00f4le d\u2019Amitech Maroc<\/a><\/strong><\/p>\n<p>\u00ab\u00a0Malgr\u00e9 toutes les mesures de s\u00e9curit\u00e9 entreprises par la soci\u00e9t\u00e9, cet accident a malheureusement caus\u00e9 le d\u00e9c\u00e8s de deux personnes d\u2019une soci\u00e9t\u00e9 sous-traitante, effectuant des travaux au niveau dudit bac. Les autorit\u00e9s locales ont aussit\u00f4t \u00e9t\u00e9 avis\u00e9es et se sont pr\u00e9sent\u00e9es sur les lieux\u00a0\u00bb, poursuit la soci\u00e9t\u00e9, ajoutant que cet incident n\u2019aura pas d\u2019impact sur ses activit\u00e9s.<\/p>\n<p><strong>Lire aussi | <a href=\"https:\/\/www.challenge.ma\/ministere-des-affaires-etrangeres-laudition-de-brahim-ghali-ne-va-pas-resoudre-la-crise-maroc-espagne-186361\/\">Minist\u00e8re des Affaires \u00e9trang\u00e8res : l\u2019audition de Brahim Ghali ne va pas r\u00e9soudre la crise Maroc\/Espagne<\/a><\/strong><\/p>\n<p>Auteur: challenge<br \/>\n<a href=\"https:\/\/www.challenge.ma\/explosion-a-la-snep-2-morts-et-un-blesse-leger-186456\/\">Cliquez ici pour lire l&rsquo;article depuis sa source.<\/a><\/p>\n","protected":false},"excerpt":{"rendered":"<p>On en sait un peu plus sur l\u2019explosion qui s\u2019est produite le 31 mai \u00e0 la SNEP (Soci\u00e9t\u00e9 Nationale d\u2019Electrolyse et de P\u00e9trochimie). Les d\u00e9tails. Selon le bilan communiqu\u00e9, deux personnes ont \u00e9t\u00e9 tu\u00e9es et une autre a \u00e9t\u00e9 \u00a0l\u00e9g\u00e8rement bless\u00e9e dans l\u2019explosion survenue dans une unit\u00e9 industrielle de p\u00e9trochimie \u00e0 Mohammedia. \u00ab\u00a0Lundi 31 Mai [&hellip;]<\/p>\n","protected":false},"author":1787,"featured_media":0,"comment_status":"closed","ping_status":"closed","sticky":false,"template":"","format":"standard","meta":{"fifu_image_url":"","fifu_image_alt":"","footnotes":""},"categories":[78,54],"tags":[],"class_list":["post-117719","post","type-post","status-publish","format-standard","hentry","category-economie","category-maroc"],"_links":{"self":[{"href":"https:\/\/linitiative.ca\/International\/wp-json\/wp\/v2\/posts\/117719","targetHints":{"allow":["GET"]}}],"collection":[{"href":"https:\/\/linitiative.ca\/International\/wp-json\/wp\/v2\/posts"}],"about":[{"href":"https:\/\/linitiative.ca\/International\/wp-json\/wp\/v2\/types\/post"}],"author":[{"embeddable":true,"href":"https:\/\/linitiative.ca\/International\/wp-json\/wp\/v2\/users\/1787"}],"replies":[{"embeddable":true,"href":"https:\/\/linitiative.ca\/International\/wp-json\/wp\/v2\/comments?post=117719"}],"version-history":[{"count":0,"href":"https:\/\/linitiative.ca\/International\/wp-json\/wp\/v2\/posts\/117719\/revisions"}],"wp:attachment":[{"href":"https:\/\/linitiative.ca\/International\/wp-json\/wp\/v2\/media?parent=117719"}],"wp:term":[{"taxonomy":"category","embeddable":true,"href":"https:\/\/linitiative.ca\/International\/wp-json\/wp\/v2\/categories?post=117719"},{"taxonomy":"post_tag","embeddable":true,"href":"https:\/\/linitiative.ca\/International\/wp-json\/wp\/v2\/tags?post=117719"}],"curies":[{"name":"wp","href":"https:\/\/api.w.org\/{rel}","templated":true}]}}