{"id":117721,"date":"2021-05-31T16:54:13","date_gmt":"2021-05-31T20:54:13","guid":{"rendered":"https:\/\/linitiative.ca\/International\/coronavirus-voici-les-nouvelles-mesures-dallegement-des-restrictions-qui-entrent-en-vigueur-des-le-1er-juin\/"},"modified":"2021-05-31T16:54:13","modified_gmt":"2021-05-31T20:54:13","slug":"coronavirus-voici-les-nouvelles-mesures-dallegement-des-restrictions-qui-entrent-en-vigueur-des-le-1er-juin","status":"publish","type":"post","link":"https:\/\/linitiative.ca\/International\/coronavirus-voici-les-nouvelles-mesures-dallegement-des-restrictions-qui-entrent-en-vigueur-des-le-1er-juin\/","title":{"rendered":"Coronavirus : voici les nouvelles mesures d\u2019all\u00e8gement des restrictions qui entrent en vigueur d\u00e8s le 1er juin"},"content":{"rendered":"<p><strong>Le gouvernement vient de prendre de nouvelles mesures visant \u00e0 all\u00e9ger les mesures de restrictions en vigueur. Les d\u00e9tails.<\/strong><\/p>\n<div class=\"c10\">\n<\/div>\n<p>Le gouvernement poursuit l\u2019all\u00e8gement des mesures de restriction entam\u00e9 au lendemain de la f\u00eate du mois sacr\u00e9 de Ramadan. Dans ce sens, on apprend que le gouvernement a d\u00e9cid\u00e9 de prendre un ensemble de mesures, \u00e0 partir du 1er juin prochain, notamment en permettant l\u2019organisation de rassemblements et d\u2019activit\u00e9s dans des espaces ferm\u00e9s pour moins de 50 personnes. De m\u00eame, l\u2019organisation de rassemblements et d\u2019activit\u00e9s dans des espaces ouverts pour moins de 100 personnes est autoris\u00e9e, avec l\u2019obligation de l\u2019obtention d\u2019une licence aupr\u00e8s des autorit\u00e9s locales dans le cas o\u00f9 ce nombre d\u00e9passerait la limite fix\u00e9e ci-dessus.<\/p>\n<p><strong>Lire aussi| <a href=\"https:\/\/www.challenge.ma\/coronavirus-ce-quil-faut-retenir-du-diagnostic-de-la-bad-et-de-loit-sur-la-gestion-faite-par-le-maroc-186372\/\">Coronavirus : ce qu\u2019il faut retenir du diagnostic de la BAD et de l\u2019OIT sur la gestion faite par le Maroc<\/a><\/strong><\/p>\n<p>Aussi, les moyens de transports publics pourront-ils remplir 75% de leurs capacit\u00e9s. L\u2019Ex\u00e9cutif a \u00e9galement annonc\u00e9 l\u2019ouverture de th\u00e9\u00e2tres, cin\u00e9mas, centres culturels, biblioth\u00e8ques, mus\u00e9es et monuments tout en limitant le nombre de places \u00e0 50% de leur capacit\u00e9. Le gouvernement a \u00e9galement d\u00e9cid\u00e9 d\u2019autoriser les salles de f\u00eates et de mariages \u00e0 fonctionner \u00e0 moins de 50% de leur capacit\u00e9, \u00e0 condition que le nombre de participants ne d\u00e9passe pas 100 personnes, et de permettre l\u2019acc\u00e8s aux espaces de plage, avec la n\u00e9cessit\u00e9 de respecter la distanciation physique. Les piscines sont \u00e9galement autoris\u00e9es \u00e0 rouvrir, avec un seuil de 50% \u00e0 ne pas d\u00e9passer.<\/p>\n<p><strong>Lire aussi| <a href=\"https:\/\/www.challenge.ma\/le-saoudien-amiantit-prend-le-controle-damitech-maroc-183903\/\">Le saoudien Amiantit prend le contr\u00f4le d\u2019Amitech Maroc<\/a><\/strong><\/p>\n<p>Auteur: challenge<br \/>\n<a href=\"https:\/\/www.challenge.ma\/coronavirus-voici-les-nouvelles-mesures-dallegement-des-restrictions-qui-entrent-en-vigueur-des-le-1er-juin-186467\/\">Cliquez ici pour lire l&rsquo;article depuis sa source.<\/a><\/p>\n","protected":false},"excerpt":{"rendered":"<p>Le gouvernement vient de prendre de nouvelles mesures visant \u00e0 all\u00e9ger les mesures de restrictions en vigueur. Les d\u00e9tails. Le gouvernement poursuit l\u2019all\u00e8gement des mesures de restriction entam\u00e9 au lendemain de la f\u00eate du mois sacr\u00e9 de Ramadan. Dans ce sens, on apprend que le gouvernement a d\u00e9cid\u00e9 de prendre un ensemble de mesures, \u00e0 [&hellip;]<\/p>\n","protected":false},"author":1787,"featured_media":0,"comment_status":"closed","ping_status":"closed","sticky":false,"template":"","format":"standard","meta":{"fifu_image_url":"","fifu_image_alt":"","footnotes":""},"categories":[78,54],"tags":[],"class_list":["post-117721","post","type-post","status-publish","format-standard","hentry","category-economie","category-maroc"],"_links":{"self":[{"href":"https:\/\/linitiative.ca\/International\/wp-json\/wp\/v2\/posts\/117721","targetHints":{"allow":["GET"]}}],"collection":[{"href":"https:\/\/linitiative.ca\/International\/wp-json\/wp\/v2\/posts"}],"about":[{"href":"https:\/\/linitiative.ca\/International\/wp-json\/wp\/v2\/types\/post"}],"author":[{"embeddable":true,"href":"https:\/\/linitiative.ca\/International\/wp-json\/wp\/v2\/users\/1787"}],"replies":[{"embeddable":true,"href":"https:\/\/linitiative.ca\/International\/wp-json\/wp\/v2\/comments?post=117721"}],"version-history":[{"count":0,"href":"https:\/\/linitiative.ca\/International\/wp-json\/wp\/v2\/posts\/117721\/revisions"}],"wp:attachment":[{"href":"https:\/\/linitiative.ca\/International\/wp-json\/wp\/v2\/media?parent=117721"}],"wp:term":[{"taxonomy":"category","embeddable":true,"href":"https:\/\/linitiative.ca\/International\/wp-json\/wp\/v2\/categories?post=117721"},{"taxonomy":"post_tag","embeddable":true,"href":"https:\/\/linitiative.ca\/International\/wp-json\/wp\/v2\/tags?post=117721"}],"curies":[{"name":"wp","href":"https:\/\/api.w.org\/{rel}","templated":true}]}}