{"id":117725,"date":"2021-05-31T17:07:56","date_gmt":"2021-05-31T21:07:56","guid":{"rendered":"https:\/\/linitiative.ca\/International\/attentistes-et-navigants-a-vue-les-investisseurs-desertent-le-marche-boursier\/"},"modified":"2021-05-31T17:07:56","modified_gmt":"2021-05-31T21:07:56","slug":"attentistes-et-navigants-a-vue-les-investisseurs-desertent-le-marche-boursier","status":"publish","type":"post","link":"https:\/\/linitiative.ca\/International\/attentistes-et-navigants-a-vue-les-investisseurs-desertent-le-marche-boursier\/","title":{"rendered":"Attentistes et navigants \u00e0 vue, les investisseurs d\u00e9sertent le march\u00e9 boursier"},"content":{"rendered":"<div id=\"content-main\" class=\"left relative left relative\">\n<div class=\"post-info-out\">\n<div class=\"post-info-img left relative\"><img decoding=\"async\" alt=\"\" src=\"https:\/\/secure.gravatar.com\/avatar\/b658f27b24160a89d557421a966e5ca1?s=50&amp;d=mm&amp;r=g\" srcset=\"https:\/\/secure.gravatar.com\/avatar\/b658f27b24160a89d557421a966e5ca1?s=100&amp;d=mm&amp;r=g 2x\" class=\"avatar avatar-50 photo\" height=\"50\" width=\"50\" loading=\"lazy\"\/><\/div>\n<div class=\"post-info-in\">\n<div class=\"post-info-right left relative post-info-name left relative\"><span><span class=\"post-info-text\">Par<\/span> <span class=\"author-name vcard fn author\"><a href=\"https:\/\/www.tunisienumerique.com\/author\/htb\/\" title=\"Articles par Mohamed Ben Abderrazek\" rel=\"author\">Mohamed Ben Abderrazek<\/a><\/span><\/span> <span class=\"post-date updated\"><time class=\"post-date updated\" datetime=\"2021-05-31\">\u00a0| Il y a 29 secondes<\/time><\/span><br \/>\n<meta itemprop=\"dateModified\" content=\"2021-05-31\"\/><\/div>\n<\/div>\n<\/div>\n<div class=\"code-block code-block-1 c4\">\n <ins class=\"adsbygoogle c3\" data-ad-layout=\"in-article\" data-ad-format=\"fluid\" data-ad-client=\"ca-pub-2102118777505746\" data-ad-slot=\"7301775417\"\/>\n<\/div>\n<p><strong>Comportement du march\u00e9<\/strong><\/p>\n<p>Le Bourse de Tunis a renou\u00e9 au d\u00e9but de cette semaine avec les pertes apr\u00e8s quatre s\u00e9ances d\u2019affil\u00e9e au vert. L\u2019attentisme des \u00e9pargnants et leur faible visibilit\u00e9 des perspectives \u00e9conomiques ont largement impact\u00e9 la volum\u00e9trie du march\u00e9.<\/p>\n<p>L\u2019indice phare du march\u00e9 a perdu aujourd\u2019hui lundi 31 mai 2021 0,6% pour se situer \u00e0 7 394,62 points et ce, dans un flux transactionnel de 6 millions de dinars (MD). La s\u00e9ance a \u00e9t\u00e9 marqu\u00e9 par la conclusion d\u2019une transaction en bloc concernant la valeur ARTES pour un montant de 3,2 MD. Cette transaction a port\u00e9 sur 688 806 titres, pour 4,580 dinars (D) l\u2019action.<\/p>\n<p><strong>Valeurs<\/strong><\/p>\n<p>Durant la journ\u00e9e, la valeur ARTES a \u00e9t\u00e9 la plus transig\u00e9e en terminant en hausse de 0,2% \u00e0 4,590 D en drainant 3,2 (MD).<\/p>\n<p>C\u00f4t\u00e9 hausses, la BTE s\u2019est appr\u00e9ci\u00e9e de 4,4% \u00e0 7,520Dt, suivi de l\u2019action CEREALIS qui a gagn\u00e9 2,6% \u00e0 9,190 D avec un volume n\u00e9gligeable d\u2019\u00e9change de l\u2019ordre de mille dinars.<\/p>\n<p>A l\u2019oppos\u00e9, le titre UADH s\u2019est d\u00e9lest\u00e9 de 3,9% \u00e0 0,730 D avec un flux d\u2019\u00e9change d\u2019\u00e0 peine 25 mille dinars. TGH a perdu \u00e0 son tour 2,5% \u00e0 0,780 D, dans un faible volume d\u2019\u00e9change de 29 mille dinars.<\/p>\n<p><strong>Actualit\u00e9s<\/strong><\/p>\n<p>\u2022 ARTES \u2013 R\u00e9alisation d\u2019une transaction de bloc portant sur 688 806 actions ARTES \u00e0 un cours de 4,580 dinars, soit un montant global de 3,15 MD<\/p>\n<p>\u2022 AETECH \u2013 R\u00e9sultat net b\u00e9n\u00e9ficiaire 2020 de 290 537 D contre une perte de 226 281 D en 2019, le r\u00e9sultat d\u2019exploitation est ressorti n\u00e9gatif de 163 651 D contre +37 770 D en 2019.<\/p>\n<p>Les autres gains ordinaires sont pass\u00e9s sur la m\u00eame p\u00e9riode de 77 925 D \u00e0 927 048D<\/p>\n<p>\u2022 AETECH \u2013 R\u00e9sultat net d\u00e9ficitaire de 420 075 DT fin juin 2020 contre une perte de 367 917 D, au 30 juin 2019, le r\u00e9sultat d\u2019exploitation est ressorti n\u00e9gatif de 253 620 D contre -250 191 D au 30 juin 2019.<\/p>\n<div class=\"swp_social_panel swp_horizontal_panel swp_flat_fresh swp_default_full_color swp_individual_full_color swp_other_full_color scale-100 scale-\" data-min-width=\"1100\" data-float-color=\"#ffffff\" data-float=\"bottom\" data-float-mobile=\"bottom\" data-transition=\"slide\">\n<div class=\"nc_tweetContainer swp_share_button total_shares total_sharesalt\"><span class=\"swp_count\">0 <span class=\"swp_label\">Partages<\/span><\/span><\/div>\n<\/div>\n<p><strong>Que se passe-t-il en Tunisie?<\/strong><br \/>Nous expliquons sur notre <a href=\"https:\/\/www.youtube.com\/channel\/UCRzypVq0B_yBad5eGrwBx0Q?sub_confirmation=1\" target=\"_blank\" rel=\"noopener\">cha\u00eene YouTube<\/a> . <a href=\"https:\/\/www.youtube.com\/channel\/UCRzypVq0B_yBad5eGrwBx0Q?sub_confirmation=1\" target=\"_blank\" rel=\"noopener\">Abonnez-vous!<\/a><\/p>\n<div class=\"mvp-org-wrap\" itemprop=\"publisher\">\n<div class=\"mvp-org-logo\" itemprop=\"logo\"><img decoding=\"async\" src=\"https:\/\/www.tunisienumerique.com\/wp-content\/uploads\/2017\/02\/logo_tunisie_numerique.png\"\/><br \/>\n<meta itemprop=\"url\" content=\"https:\/\/www.tunisienumerique.com\/wp-content\/uploads\/2017\/02\/logo_tunisie_numerique.png\"\/><\/div>\n<p><meta content=\"Tunisie\"\/><\/div>\n<div class=\"post-tags\"><span class=\"post-tags-header\">Sujets Connexes:<\/span><\/div>\n<div id=\"article-ad\">\n <ins class=\"adsbygoogle c5\" data-ad-client=\"ca-pub-2102118777505746\" data-ad-slot=\"6513972734\" data-ad-format=\"auto\" data-full-width-responsive=\"true\"\/>\n<\/div>\n<\/div>\n<div id=\"post-sidebar-wrap\">\n <ins class=\"adsbygoogle c5\" data-ad-client=\"ca-pub-2102118777505746\" data-ad-slot=\"6168283410\" data-ad-format=\"auto\" data-full-width-responsive=\"true\"\/>\n<\/div>\n<p>Auteur: Mohamed Ben Abderrazek<br \/>\n<a href=\"https:\/\/www.tunisienumerique.com\/attentistes-et-navigants-a-vue-les-investisseurs-desertent-le-marche-boursier\/\">Cliquez ici pour lire l&rsquo;article depuis sa source.<\/a><\/p>\n","protected":false},"excerpt":{"rendered":"<p>Par Mohamed Ben Abderrazek \u00a0| Il y a 29 secondes Comportement du march\u00e9 Le Bourse de Tunis a renou\u00e9 au d\u00e9but de cette semaine avec les pertes apr\u00e8s quatre s\u00e9ances d\u2019affil\u00e9e au vert. L\u2019attentisme des \u00e9pargnants et leur faible visibilit\u00e9 des perspectives \u00e9conomiques ont largement impact\u00e9 la volum\u00e9trie du march\u00e9. L\u2019indice phare du march\u00e9 a [&hellip;]<\/p>\n","protected":false},"author":1789,"featured_media":0,"comment_status":"closed","ping_status":"closed","sticky":false,"template":"","format":"standard","meta":{"fifu_image_url":"https:\/\/secure.gravatar.com\/avatar\/b658f27b24160a89d557421a966e5ca1?s=50&d=mm&r=g","fifu_image_alt":"Attentistes et navigants \u00e0 vue, les investisseurs d\u00e9sertent le march\u00e9 boursier","footnotes":""},"categories":[73,55],"tags":[],"class_list":["post-117725","post","type-post","status-publish","format-standard","hentry","category-actualite","category-tunisie"],"_links":{"self":[{"href":"https:\/\/linitiative.ca\/International\/wp-json\/wp\/v2\/posts\/117725","targetHints":{"allow":["GET"]}}],"collection":[{"href":"https:\/\/linitiative.ca\/International\/wp-json\/wp\/v2\/posts"}],"about":[{"href":"https:\/\/linitiative.ca\/International\/wp-json\/wp\/v2\/types\/post"}],"author":[{"embeddable":true,"href":"https:\/\/linitiative.ca\/International\/wp-json\/wp\/v2\/users\/1789"}],"replies":[{"embeddable":true,"href":"https:\/\/linitiative.ca\/International\/wp-json\/wp\/v2\/comments?post=117725"}],"version-history":[{"count":0,"href":"https:\/\/linitiative.ca\/International\/wp-json\/wp\/v2\/posts\/117725\/revisions"}],"wp:attachment":[{"href":"https:\/\/linitiative.ca\/International\/wp-json\/wp\/v2\/media?parent=117725"}],"wp:term":[{"taxonomy":"category","embeddable":true,"href":"https:\/\/linitiative.ca\/International\/wp-json\/wp\/v2\/categories?post=117725"},{"taxonomy":"post_tag","embeddable":true,"href":"https:\/\/linitiative.ca\/International\/wp-json\/wp\/v2\/tags?post=117725"}],"curies":[{"name":"wp","href":"https:\/\/api.w.org\/{rel}","templated":true}]}}