{"id":117726,"date":"2021-05-31T17:15:02","date_gmt":"2021-05-31T21:15:02","guid":{"rendered":"https:\/\/linitiative.ca\/International\/riadh-jrad-les-veterans-militaires-signataires-de-linitiative-sont-des-pions-dennahdha\/"},"modified":"2021-05-31T17:15:02","modified_gmt":"2021-05-31T21:15:02","slug":"riadh-jrad-les-veterans-militaires-signataires-de-linitiative-sont-des-pions-dennahdha","status":"publish","type":"post","link":"https:\/\/linitiative.ca\/International\/riadh-jrad-les-veterans-militaires-signataires-de-linitiative-sont-des-pions-dennahdha\/","title":{"rendered":"Riadh Jrad: \u00ab Les v\u00e9t\u00e9rans militaires signataires de l\u2019initiative, sont des pions d\u2019Ennahdha \u00bb"},"content":{"rendered":"<div id=\"content-main\" class=\"left relative left relative\">\n<div class=\"post-info-out\">\n<div class=\"post-info-img left relative\"><img decoding=\"async\" alt=\"\" src=\"https:\/\/secure.gravatar.com\/avatar\/ea481d7287ad38ca1787f44b5bb1b70e?s=50&amp;d=mm&amp;r=g\" srcset=\"https:\/\/secure.gravatar.com\/avatar\/ea481d7287ad38ca1787f44b5bb1b70e?s=100&amp;d=mm&amp;r=g 2x\" class=\"avatar avatar-50 photo\" height=\"50\" width=\"50\" loading=\"lazy\"\/><\/div>\n<div class=\"post-info-in\">\n<div class=\"post-info-right left relative post-info-name left relative\"><span><span class=\"post-info-text\">Par<\/span> <span class=\"author-name vcard fn author\"><a href=\"https:\/\/www.tunisienumerique.com\/author\/rania-ben-slimane\/\" title=\"Articles par rania ben slimane\" rel=\"author\">rania ben slimane<\/a><\/span><\/span> <span class=\"post-date updated\"><time class=\"post-date updated\" datetime=\"2021-05-31\">\u00a0| Il y a 23 secondes<\/time><\/span><br \/>\n<meta itemprop=\"dateModified\" content=\"2021-05-31\"\/><\/div>\n<\/div>\n<\/div>\n<div class=\"code-block code-block-1 c4\">\n <ins class=\"adsbygoogle c3\" data-ad-layout=\"in-article\" data-ad-format=\"fluid\" data-ad-client=\"ca-pub-2102118777505746\" data-ad-slot=\"7301775417\"\/>\n<\/div>\n<p>Commentant l\u2019initiative lanc\u00e9e par six v\u00e9t\u00e9rans de l\u2019arm\u00e9e tunisienne cette semaine pour r\u00e9tablir la communication entre les trois pr\u00e9sidences, le chroniqueur Riadh Jrad a lanc\u00e9 des piques au G\u00e9n\u00e9ral de la Brigade, Mohamed Meddeb invit\u00e9 \u00e0 l\u2019\u00e9mission diffus\u00e9e sur Attessia TV.<\/p>\n<p>En effet, Riadh Jrad a d\u00e9clar\u00e9 que cette initiative s\u2019inscrit dans un contexte politique min\u00e9 de discours complotiste et de conspirations, dont le document soit disant fuit\u00e9 d\u00e9couvert r\u00e9cemment.<\/p>\n<p>Il a ajout\u00e9 que cette initiative est \u00ab\u00a0douteuse\u00a0\u00bb et prise dans un timing \u00ab\u00a0douteux\u00a0\u00bb, la qualifiant \u00e9galement de \u00ab\u00a0communiqu\u00e9 bleu\u00a0\u00bb et lui rappelle du groupe s\u00e9curitaire islamiste de la tentative du coup d\u2019Etat du 08 novembre 1987.<\/p>\n<p>\u00ab\u00a0<em>Il existe des cellules qui veulent entrainer l\u2019institution militaire vaillante au c\u0153ur des conflits et des comptes politiques.. La m\u00eame cellule mettant en avant le g\u00e9n\u00e9ral Akrout, a mis en avant M. Zbidi. Une autre a pr\u00e9sent\u00e9 le g\u00e9n\u00e9ral Hamdi comme sauveur de la nation, Une autre install\u00e9e probablement \u00e0 Montplaisir, nous a pr\u00e9sent\u00e9 ce groupe de v\u00e9t\u00e9rans militaires<\/em>\u00a0\u00bb a-t-il expliqu\u00e9.<\/p>\n<p>Le chroniqueur entend dire que les signataires de cette initiatives sont les pions du parti Ennahdha et leur a reproch\u00e9, leur silence face aux attaques terroristes.<\/p>\n<div class=\"swp_social_panel swp_horizontal_panel swp_flat_fresh swp_default_full_color swp_individual_full_color swp_other_full_color scale-100 scale-\" data-min-width=\"1100\" data-float-color=\"#ffffff\" data-float=\"bottom\" data-float-mobile=\"bottom\" data-transition=\"slide\">\n<div class=\"nc_tweetContainer swp_share_button total_shares total_sharesalt\"><span class=\"swp_count\">0 <span class=\"swp_label\">Partages<\/span><\/span><\/div>\n<\/div>\n<p><strong>Que se passe-t-il en Tunisie?<\/strong><br \/>Nous expliquons sur notre <a href=\"https:\/\/www.youtube.com\/channel\/UCRzypVq0B_yBad5eGrwBx0Q?sub_confirmation=1\" target=\"_blank\" rel=\"noopener\">cha\u00eene YouTube<\/a> . <a href=\"https:\/\/www.youtube.com\/channel\/UCRzypVq0B_yBad5eGrwBx0Q?sub_confirmation=1\" target=\"_blank\" rel=\"noopener\">Abonnez-vous!<\/a><\/p>\n<div class=\"mvp-org-wrap\" itemprop=\"publisher\">\n<div class=\"mvp-org-logo\" itemprop=\"logo\"><img decoding=\"async\" src=\"https:\/\/www.tunisienumerique.com\/wp-content\/uploads\/2017\/02\/logo_tunisie_numerique.png\"\/><br \/>\n<meta itemprop=\"url\" content=\"https:\/\/www.tunisienumerique.com\/wp-content\/uploads\/2017\/02\/logo_tunisie_numerique.png\"\/><\/div>\n<p><meta content=\"Tunisie\"\/><\/div>\n<div class=\"mvp-related-posts left relative\">\n<h4 class=\"post-header\"><span class=\"post-header\">Lire aussi<\/span><\/h4>\n<\/div>\n<div id=\"article-ad\">\n <ins class=\"adsbygoogle c5\" data-ad-client=\"ca-pub-2102118777505746\" data-ad-slot=\"6513972734\" data-ad-format=\"auto\" data-full-width-responsive=\"true\"\/>\n<\/div>\n<\/div>\n<div id=\"post-sidebar-wrap\">\n <ins class=\"adsbygoogle c5\" data-ad-client=\"ca-pub-2102118777505746\" data-ad-slot=\"6168283410\" data-ad-format=\"auto\" data-full-width-responsive=\"true\"\/>\n<\/div>\n<p>Auteur: rania ben slimane<br \/>\n<a href=\"https:\/\/www.tunisienumerique.com\/riadh-jrad-les-veterans-militaires-signataires-de-linitiative-sont-des-pions-dennahdha\/\">Cliquez ici pour lire l&rsquo;article depuis sa source.<\/a><\/p>\n","protected":false},"excerpt":{"rendered":"<p>Par rania ben slimane \u00a0| Il y a 23 secondes Commentant l\u2019initiative lanc\u00e9e par six v\u00e9t\u00e9rans de l\u2019arm\u00e9e tunisienne cette semaine pour r\u00e9tablir la communication entre les trois pr\u00e9sidences, le chroniqueur Riadh Jrad a lanc\u00e9 des piques au G\u00e9n\u00e9ral de la Brigade, Mohamed Meddeb invit\u00e9 \u00e0 l\u2019\u00e9mission diffus\u00e9e sur Attessia TV. En effet, Riadh Jrad [&hellip;]<\/p>\n","protected":false},"author":1789,"featured_media":0,"comment_status":"closed","ping_status":"closed","sticky":false,"template":"","format":"standard","meta":{"fifu_image_url":"https:\/\/secure.gravatar.com\/avatar\/ea481d7287ad38ca1787f44b5bb1b70e?s=50&d=mm&r=g","fifu_image_alt":"Riadh Jrad: \u00ab Les v\u00e9t\u00e9rans militaires signataires de l\u2019initiative, sont des pions d\u2019Ennahdha \u00bb","footnotes":""},"categories":[73,55],"tags":[],"class_list":["post-117726","post","type-post","status-publish","format-standard","hentry","category-actualite","category-tunisie"],"_links":{"self":[{"href":"https:\/\/linitiative.ca\/International\/wp-json\/wp\/v2\/posts\/117726","targetHints":{"allow":["GET"]}}],"collection":[{"href":"https:\/\/linitiative.ca\/International\/wp-json\/wp\/v2\/posts"}],"about":[{"href":"https:\/\/linitiative.ca\/International\/wp-json\/wp\/v2\/types\/post"}],"author":[{"embeddable":true,"href":"https:\/\/linitiative.ca\/International\/wp-json\/wp\/v2\/users\/1789"}],"replies":[{"embeddable":true,"href":"https:\/\/linitiative.ca\/International\/wp-json\/wp\/v2\/comments?post=117726"}],"version-history":[{"count":0,"href":"https:\/\/linitiative.ca\/International\/wp-json\/wp\/v2\/posts\/117726\/revisions"}],"wp:attachment":[{"href":"https:\/\/linitiative.ca\/International\/wp-json\/wp\/v2\/media?parent=117726"}],"wp:term":[{"taxonomy":"category","embeddable":true,"href":"https:\/\/linitiative.ca\/International\/wp-json\/wp\/v2\/categories?post=117726"},{"taxonomy":"post_tag","embeddable":true,"href":"https:\/\/linitiative.ca\/International\/wp-json\/wp\/v2\/tags?post=117726"}],"curies":[{"name":"wp","href":"https:\/\/api.w.org\/{rel}","templated":true}]}}