{"id":117727,"date":"2021-05-31T15:25:52","date_gmt":"2021-05-31T19:25:52","guid":{"rendered":"https:\/\/linitiative.ca\/International\/arrivee-des-premieres-doses-dastra-zeneca\/"},"modified":"2021-05-31T15:25:52","modified_gmt":"2021-05-31T19:25:52","slug":"arrivee-des-premieres-doses-dastra-zeneca","status":"publish","type":"post","link":"https:\/\/linitiative.ca\/International\/arrivee-des-premieres-doses-dastra-zeneca\/","title":{"rendered":"ARRIVEE DES PREMIERES DOSES D\u2019ASTRA ZENECA"},"content":{"rendered":"<p class=\"c4\"><em>Les premi\u00e8res doses d\u2019Astra Zeneca sont arriv\u00e9es \u00e0 Ouagadougou, le 30 mai dernier. Sauf omission ou oubli de notre part, le Burkina est l\u2019un des derniers pays de la sous-r\u00e9gion \u00e0 recevoir ces doses. Des pays comme la C\u00f4te d\u2019Ivoire ou encore le B\u00e9nin, pour ne citer que ceux-ci, avaient re\u00e7u leurs premi\u00e8res dotations bien avant cette date. L\u2019explication que l\u2019on peut donner\u00a0 \u00e0 cela, pourrait \u00eatre li\u00e9e au fait que de toute la sous-r\u00e9gion, le pays des Hommes int\u00e8gres est l\u2019un des pays qui a le mieux g\u00e9r\u00e9 la pand\u00e9mie, si fait qu\u2019aujourd\u2019hui, les cas de Covid-19 ont diminu\u00e9 de mani\u00e8re significative. De ce point de vue, l\u2019on peut logiquement se poser la question de savoir si cela ne va pas n\u00e9gativement jouer sur la motivation des populations \u00e0 se faire vacciner. Cette question m\u00e9rite d\u2019autant plus d\u2019\u00eatre pos\u00e9e qu\u2019ils sont d\u00e9j\u00e0 nombreux, les Burkinab\u00e8 qui \u00e9taient dans le d\u00e9ni de la pand\u00e9mie. A cela, il faut ajouter le fait que certains Burkinab\u00e8 croient dur comme fer, que derri\u00e8re le vaccin contre la pand\u00e9mie, se cache un complot ourdi par les Blancs pour rendre st\u00e9riles les Africains ou encore pour leur inoculer des maladies dont la dangerosit\u00e9 est de loin sup\u00e9rieure \u00e0 celle du Covid-19. Et parmi les d\u00e9tracteurs des vaccins contre la pand\u00e9mie, se trouvent malheureusement des intellectuels. Et ces derniers, parfois, ne se g\u00eanent point de participer \u00e0 la campagne d\u2019intoxication et de d\u00e9sinformation des populations. Et que dire des fake news qui disent tout le mal qu\u2019ils pensent des vaccins contre le Covid-19. D\u00e8s lors, il se pose l\u2019imp\u00e9rieuse n\u00e9cessit\u00e9 de d\u00e9construire tous ces pr\u00e9jug\u00e9s pour autant que l\u2019on veuille que la campagne de vaccination qui se profile, touche tous les Burkinab\u00e8. Pour le moment, le Burkina n\u2019a re\u00e7u que 115 000 doses de vaccins contre le Covid-19.<\/em><\/p>\n<p class=\"c4\"><em>\u00a0<\/em><\/p>\n<p class=\"c6\"><strong><em>S\u2019entourer de toutes les pr\u00e9cautions pour que les vaccins ne soient pas d\u00e9tourn\u00e9s \u00e0 des fins mercantiles<\/em><\/strong><\/p>\n<p class=\"c4\"><em>\u00a0<\/em><\/p>\n<p class=\"c4\"><em>Il faut souligner que les doses ont \u00e9t\u00e9 acquises gr\u00e2ce au m\u00e9canisme Covax, un partenariat entre la coalition pour les innovations en mati\u00e8re de pr\u00e9paration aux \u00e9pid\u00e9mies \u00a0(CEPI), l\u2019Alliance du vaccin (Gavi), le Fonds des Nations unies pour l\u2019enfance (UNICEF) et l\u2019Organisation mondiale de la Sant\u00e9 (OMS). Les personnels de sant\u00e9, les personnes avec des comorbidit\u00e9s et les candidats au p\u00e8lerinage \u00e0 la Mecque, seront vaccin\u00e9s prioritairement d\u00e8s le d\u00e9but du mois de juin. A terme, l\u2019op\u00e9ration permettra de vacciner la totalit\u00e9 de la population adulte de plus de\u00a0 18 ans, soit plus de\u00a0 10 millions de personnes. Pour se donner plus de chances d\u2019atteindre ce nombre, il faut d\u2019abord r\u00e9pondre \u00e0 la question suivante\u00a0: comment gagner l\u2019adh\u00e9sion des populations\u00a0? L\u2019on peut sugg\u00e9rer quelques \u00e9l\u00e9ments de r\u00e9ponse. Il faut absolument sensibiliser l\u2019ensemble de la population. Cela peut se faire de la mani\u00e8re suivante\u00a0: premi\u00e8rement, ce sont les autorit\u00e9s, \u00e0 commencer par le pr\u00e9sident du Faso himself, qui doivent donner l\u2019exemple en se faisant vacciner publiquement. Dans bien des pays o\u00f9 le vaccin contre la Covid-19 a d\u00e9j\u00e0 \u00e9t\u00e9 introduit, l\u2019on a proc\u00e9d\u00e9 ainsi. L\u2019on peut donner l\u2019exemple des Etats-Unis d\u2019Am\u00e9rique o\u00f9 l\u2019actuel locataire de la Maison Blanche, Joe Biden, s\u2019est fait vacciner devant les cam\u00e9ras de plusieurs m\u00e9dias. Cette image a marqu\u00e9 les Am\u00e9ricains au point de d\u00e9construire les pr\u00e9jug\u00e9s\u00a0 que son pr\u00e9d\u00e9cesseur, Donald Trump, avait distill\u00e9s dans l\u2019esprit des Am\u00e9ricains. Apr\u00e8s les hommes politiques, ce sont les sommit\u00e9s du monde m\u00e9dical qui doivent embo\u00eeter le pas. Et leur exemple vaut son pesant d\u2019or. Car, il peut contribuer \u00e0 dissiper le doute et la crainte que les populations entretiennent \u00e0 propos de ces vaccins. De ce point de vue, leur exemple constitue une caution scientifique de la validit\u00e9 du vaccin. Le troisi\u00e8me maillon\u00a0 de la cha\u00eene de sensibilisation, pourrait \u00eatre les leaders d\u2019opinions et autres personnalit\u00e9s morales et religieuses. Les pr\u00eatres, les pasteurs, les imams et les autorit\u00e9s coutumi\u00e8res, on le sait, sont tr\u00e8s \u00e9cout\u00e9s des populations. De ce fait, ils peuvent contribuer \u00e0 faire accepter le vaccin par leurs communaut\u00e9s respectives. Le 4<sup>e<\/sup> maillon de la cha\u00eene pourrait \u00eatre constitu\u00e9 des \u00e9l\u00e8ves et des \u00e9tudiants. Les \u00e9coles et les universit\u00e9s, en effet, repr\u00e9sentent des\u00a0 cadres favorables \u00e0 la vulgarisation du vaccin. Une fois sensibilis\u00e9s, les \u00e9l\u00e8ves et les \u00e9tudiants pourraient \u00eatre des relais efficaces aupr\u00e8s de leurs parents. Une autre mesure susceptible de motiver les populations \u00e0 adh\u00e9rer \u00e0 la campagne de vaccination, pourrait consister \u00e0 faire en sorte que les personnes vaccin\u00e9es aient la possibilit\u00e9 d\u2019aller et de venir dans les pays voisins. Et quand on conna\u00eet l\u2019int\u00e9r\u00eat des Burkinab\u00e8 pour ce genre de voyages, l\u2019on peut parier qu\u2019ils ne se feront pas prier pour se faire vacciner. Pour qu\u2019une telle mesure soit efficace, il faut naturellement que les pays se concertent pour qu\u2019un vaccin administr\u00e9 dans un pays X, soit valable dans un pays Y. Pour finir, on peut inviter l\u2019ensemble des acteurs impliqu\u00e9s dans la campagne annonc\u00e9e, \u00e0 prendre toutes les dispositions qu\u2019il faut, pour rendre accessibles les vaccins aux populations des villes et des campagnes. Elles doivent aussi s\u2019entourer de toutes les pr\u00e9cautions pour que les vaccins ne soient pas d\u00e9tourn\u00e9s \u00e0 des fins mercantiles. Car, dans ce Burkina, tout est possible.<\/em><\/p>\n<p class=\"c4\"><em>\u00a0<\/em><\/p>\n<p class=\"c6\"><em><strong>Sidzabda\u00a0\u00a0<\/strong><\/em><\/p>\n<p class=\"c4\"><em>\u00a0<\/em><\/p>\n<p>Auteur: Editions LEPAYS<br \/>\n<a href=\"https:\/\/lepays.bf\/arrivee-des-premieres-doses-dastra-zeneca\/\">Cliquez ici pour lire l&rsquo;article depuis sa source.<\/a><\/p>\n","protected":false},"excerpt":{"rendered":"<p>Les premi\u00e8res doses d\u2019Astra Zeneca sont arriv\u00e9es \u00e0 Ouagadougou, le 30 mai dernier. Sauf omission ou oubli de notre part, le Burkina est l\u2019un des derniers pays de la sous-r\u00e9gion \u00e0 recevoir ces doses. Des pays comme la C\u00f4te d\u2019Ivoire ou encore le B\u00e9nin, pour ne citer que ceux-ci, avaient re\u00e7u leurs premi\u00e8res dotations bien [&hellip;]<\/p>\n","protected":false},"author":1813,"featured_media":0,"comment_status":"closed","ping_status":"closed","sticky":false,"template":"","format":"standard","meta":{"fifu_image_url":"","fifu_image_alt":"","footnotes":""},"categories":[73,81],"tags":[],"class_list":["post-117727","post","type-post","status-publish","format-standard","hentry","category-actualite","category-burkina-faso"],"_links":{"self":[{"href":"https:\/\/linitiative.ca\/International\/wp-json\/wp\/v2\/posts\/117727","targetHints":{"allow":["GET"]}}],"collection":[{"href":"https:\/\/linitiative.ca\/International\/wp-json\/wp\/v2\/posts"}],"about":[{"href":"https:\/\/linitiative.ca\/International\/wp-json\/wp\/v2\/types\/post"}],"author":[{"embeddable":true,"href":"https:\/\/linitiative.ca\/International\/wp-json\/wp\/v2\/users\/1813"}],"replies":[{"embeddable":true,"href":"https:\/\/linitiative.ca\/International\/wp-json\/wp\/v2\/comments?post=117727"}],"version-history":[{"count":0,"href":"https:\/\/linitiative.ca\/International\/wp-json\/wp\/v2\/posts\/117727\/revisions"}],"wp:attachment":[{"href":"https:\/\/linitiative.ca\/International\/wp-json\/wp\/v2\/media?parent=117727"}],"wp:term":[{"taxonomy":"category","embeddable":true,"href":"https:\/\/linitiative.ca\/International\/wp-json\/wp\/v2\/categories?post=117727"},{"taxonomy":"post_tag","embeddable":true,"href":"https:\/\/linitiative.ca\/International\/wp-json\/wp\/v2\/tags?post=117727"}],"curies":[{"name":"wp","href":"https:\/\/api.w.org\/{rel}","templated":true}]}}