{"id":117728,"date":"2021-05-31T15:29:49","date_gmt":"2021-05-31T19:29:49","guid":{"rendered":"https:\/\/linitiative.ca\/International\/manque-de-fermete-de-la-cedeao-a-lendroit-de-lhomme-fort-de-bamako\/"},"modified":"2021-05-31T15:29:49","modified_gmt":"2021-05-31T19:29:49","slug":"manque-de-fermete-de-la-cedeao-a-lendroit-de-lhomme-fort-de-bamako","status":"publish","type":"post","link":"https:\/\/linitiative.ca\/International\/manque-de-fermete-de-la-cedeao-a-lendroit-de-lhomme-fort-de-bamako\/","title":{"rendered":"MANQUE DE FERMETE DE LA CEDEAO A L\u2019ENDROIT DE L\u2019HOMME FORT DE BAMAKO"},"content":{"rendered":"<p class=\"c4\"><em>Le sommet extraordinaire des chefs d\u2019Etat de la communaut\u00e9 \u00e9conomique des Etats de l\u2019Afrique de l\u2019Ouest (CEDEAO), qui s\u2019est tenu le dimanche 30 mai dernier dans la capitale ghan\u00e9enne, \u00e0 l\u2019effet de se prononcer sur le coup de force du colonel Assimi Go\u00efta contre la transition malienne, a accouch\u00e9 de sanctions a minima contre le r\u00e9cidiviste putschiste de Kati. Ainsi, pour avoir d\u00e9pos\u00e9 le pr\u00e9sident de la Transition, Bah N\u2019Daw, et son Premier ministre Moctar Ouane, le nouvel homme fort de Bamako ne se verra infliger en tout et pour tout qu\u2019une molle suspension de son pays des instances de l\u2019organisation sous-r\u00e9gionale, assortie de la nomination d\u2019un Premier ministre civil ainsi que la formation d\u2019un gouvernement inclusif. A charge pour le vice-pr\u00e9sident qui s\u2019est royalement vautr\u00e9 dans le fauteuil pr\u00e9sidentiel par un tour de passe-passe qui a n\u00e9cessit\u00e9 la mise \u00e0 contribution de la \u00a0\u00a0Cour constitutionnelle de son pays, de mener la Transition dans le d\u00e9lai des 18 mois impartis devant aboutir \u00e0 des \u00e9lections pour le retour \u00e0 l\u2019ordre constitutionnel normal.<\/em><\/p>\n<p class=\"c4\"><em>\u00a0<\/em><\/p>\n<p class=\"c4\"><em>\u00a0<\/em><\/p>\n<p class=\"c6\"><strong><em>De quelle l\u00e9gitimit\u00e9 pourrait encore se pr\u00e9valoir un pr\u00e9sident civil, m\u00eame d\u00e9mocratiquement \u00e9lu,\u00a0 s\u2019il doit d\u2019abord entrer dans les bonnes gr\u00e2ces de la soldatesque pour pouvoir dormir du sommeil du juste dans son palais\u00a0?<\/em><\/strong><\/p>\n<p class=\"c4\"><em>\u00a0<\/em><\/p>\n<p class=\"c4\"><em>\u00a0<\/em><\/p>\n<p class=\"c4\"><em>\u00a0<\/em><\/p>\n<p class=\"c4\"><em>Le moins que l\u2019on puisse dire, c\u2019est qu\u2019Assimi Go\u00efta a jou\u00e9 et a gagn\u00e9. Comme \u00e0 la loterie, sans doute instruit par le pr\u00e9c\u00e9dent tchadien qui risque de faire encore mal et de multiplier les b\u00e9b\u00e9s anticonstitutionnels dans une Afrique encore et toujours \u00e0 la recherche de ses marques. On est d\u2019autant plus fond\u00e9 \u00e0 nourrir un tel pessimisme qu\u2019en ne prenant aucune mesure coercitive contre l\u2019irrepenti putschiste de Kati pour r\u00e9tablir la Transition malienne dans ses institutions l\u00e9gales, la CEDEAO n\u2019a fait qu\u2019ent\u00e9riner un coup d\u2019Etat qui pourrait constituer, si ce n\u2019est d\u00e9j\u00e0 fait, un dangereux pr\u00e9c\u00e9dent pour la d\u00e9mocratie sur le continent africain. Un manque de fermet\u00e9 qui a toutes les allures d\u2019un cadeau fait au tombeur de Ibrahim Boubacar K\u00e9\u00efta (IBK), qui a r\u00e9ussi \u00e0 s\u2019arroger les pleins pouvoirs d\u2019une transition qu\u2019il a toujours voulu contr\u00f4ler, et qui peut \u00e0 pr\u00e9sent regarder bouillir son th\u00e9 en bon fakir, en attendant de le boire bien chaud. C\u2019est dire si Assimi Go\u00efta a, \u00e0 pr\u00e9sent, tout le loisir de donner \u00e0 la Transition malienne, l\u2019orientation qu\u2019il veut. Dans un pays o\u00f9 il semble si facile de s\u2019installer au palais pr\u00e9sidentiel par la force de la kalach, on se demande si cette magnanimit\u00e9 de la CEDEAO n\u2019expose pas finalement le pays \u00e0 d\u2019interminables pronunciamiento, au-del\u00e0 m\u00eame de la transition actuellement en cours, pour peu que la t\u00eate du locataire du palais de Koulouba ne plaise pas aux hommes en treillis. Dans ces conditions, de quelle l\u00e9gitimit\u00e9 pourrait encore se pr\u00e9valoir un pr\u00e9sident civil, m\u00eame d\u00e9mocratiquement \u00e9lu,\u00a0 s\u2019il doit d\u2019abord entrer dans les bonnes gr\u00e2ces de la soldatesque pour pouvoir dormir du sommeil du juste dans son palais\u00a0?\u00a0 C\u2019est dire si cette forme de caution port\u00e9e au coup de force du vice-pr\u00e9sident de la Transition, pourrait \u00eatre lourde de cons\u00e9quences pour le Mali lui-m\u00eame, quand on sait comment nos arm\u00e9es sont souvent travers\u00e9es par des courants divergents.<\/em><\/p>\n<p class=\"c4\"><em>\u00a0<\/em><\/p>\n<p class=\"c4\"><em>\u00a0<\/em><\/p>\n<p class=\"c6\"><strong><em>On ne peut pas reprocher \u00e0 l\u2019institution sous-r\u00e9gionale, de ne pas chercher \u00e0 \u00eatre plus royaliste que\u2026le peuple malien<\/em><\/strong><\/p>\n<p class=\"c4\"><em>\u00a0<\/em><\/p>\n<p class=\"c4\"><em>Et dans le cas d\u2019esp\u00e8ce, rien ne dit que la r\u00e9cusation tonitruante, par Assimi Go\u00efta et compagnie, des g\u00e9n\u00e9raux choisis pour figurer dans le gouvernement Ouane II en remplacement des t\u00eates de gondole de la junte, n\u2019est pas symptomatique d\u2019un malaise au sein\u00a0 de la Grande muette. Et rien ne dit non plus que la parenth\u00e8se douloureuse de la rivalit\u00e9 sanglante des b\u00e9rets rouges contre les b\u00e9rets verts de Hamadou Haya Sanogo, qui s\u2019est r\u00e9cemment referm\u00e9e dans les conditions judiciaires\u00a0 que l\u2019on sait, est d\u00e9finitivement derri\u00e8re les Maliens.\u00a0<\/em> <em>Ceci \u00e9tant, \u00e0 la d\u00e9charge de la CEDEAO, on ne peut pas reprocher \u00e0 l\u2019institution sous-r\u00e9gionale, de ne pas chercher \u00e0 \u00eatre plus royaliste que\u2026le peuple malien qui semble s\u2019accommoder de ce nouveau coup de force de Assimi Go\u00efta, contre la R\u00e9publique. Car, si le peuple malien s\u2019\u00e9tait lev\u00e9 tel un seul homme, comme au Burkina Faso en 2015, contre le coup d\u2019Etat des officiers f\u00e9lons contre la Transition, la CEDEAO n\u2019aurait pas eu d\u2019autre choix que de se plier \u00e0 sa volont\u00e9 en prenant les dispositions et mesures coercitives n\u00e9cessaires pour un retour \u00e0 la normale. Mais dans le cas d\u2019esp\u00e8ce, on se demande si l\u2019apathie du peuple malien n\u2019est pas un adoubement, pour autant qu\u2019elle ne soit pas la traduction d\u2019une r\u00e9signation. Et si c\u2019est le cas, que sa volont\u00e9 soit alors faite, est-on tent\u00e9 de s\u2019exclamer\u00a0! Car, comme le dit la sagesse, \u00ab\u00a0les peuples ont les dirigeants qu\u2019ils m\u00e9ritent\u00a0\u00bb et \u00a0\u00ab\u00a0on ne peut pas faire le bonheur de quelqu\u2019un \u00e0 sa place\u00a0\u00bb.<\/em><\/p>\n<p class=\"c4\"><em>\u00a0<\/em><\/p>\n<p class=\"c6\"><strong><em>\u00ab\u00a0Le Pays\u00a0\u00bb<\/em><\/strong><\/p>\n<p>Auteur: Editions LEPAYS<br \/>\n<a href=\"https:\/\/lepays.bf\/manque-de-fermete-de-la-cedeao-a-lendroit-de-lhomme-fort-de-bamako\/\">Cliquez ici pour lire l&rsquo;article depuis sa source.<\/a><\/p>\n","protected":false},"excerpt":{"rendered":"<p>Le sommet extraordinaire des chefs d\u2019Etat de la communaut\u00e9 \u00e9conomique des Etats de l\u2019Afrique de l\u2019Ouest (CEDEAO), qui s\u2019est tenu le dimanche 30 mai dernier dans la capitale ghan\u00e9enne, \u00e0 l\u2019effet de se prononcer sur le coup de force du colonel Assimi Go\u00efta contre la transition malienne, a accouch\u00e9 de sanctions a minima contre le [&hellip;]<\/p>\n","protected":false},"author":1813,"featured_media":0,"comment_status":"closed","ping_status":"closed","sticky":false,"template":"","format":"standard","meta":{"fifu_image_url":"","fifu_image_alt":"","footnotes":""},"categories":[73,81],"tags":[],"class_list":["post-117728","post","type-post","status-publish","format-standard","hentry","category-actualite","category-burkina-faso"],"_links":{"self":[{"href":"https:\/\/linitiative.ca\/International\/wp-json\/wp\/v2\/posts\/117728","targetHints":{"allow":["GET"]}}],"collection":[{"href":"https:\/\/linitiative.ca\/International\/wp-json\/wp\/v2\/posts"}],"about":[{"href":"https:\/\/linitiative.ca\/International\/wp-json\/wp\/v2\/types\/post"}],"author":[{"embeddable":true,"href":"https:\/\/linitiative.ca\/International\/wp-json\/wp\/v2\/users\/1813"}],"replies":[{"embeddable":true,"href":"https:\/\/linitiative.ca\/International\/wp-json\/wp\/v2\/comments?post=117728"}],"version-history":[{"count":0,"href":"https:\/\/linitiative.ca\/International\/wp-json\/wp\/v2\/posts\/117728\/revisions"}],"wp:attachment":[{"href":"https:\/\/linitiative.ca\/International\/wp-json\/wp\/v2\/media?parent=117728"}],"wp:term":[{"taxonomy":"category","embeddable":true,"href":"https:\/\/linitiative.ca\/International\/wp-json\/wp\/v2\/categories?post=117728"},{"taxonomy":"post_tag","embeddable":true,"href":"https:\/\/linitiative.ca\/International\/wp-json\/wp\/v2\/tags?post=117728"}],"curies":[{"name":"wp","href":"https:\/\/api.w.org\/{rel}","templated":true}]}}