{"id":117729,"date":"2021-05-31T15:33:57","date_gmt":"2021-05-31T19:33:57","guid":{"rendered":"https:\/\/linitiative.ca\/International\/tensions-entre-le-tchad-et-la-rca\/"},"modified":"2021-05-31T15:33:57","modified_gmt":"2021-05-31T19:33:57","slug":"tensions-entre-le-tchad-et-la-rca","status":"publish","type":"post","link":"https:\/\/linitiative.ca\/International\/tensions-entre-le-tchad-et-la-rca\/","title":{"rendered":"TENSIONS ENTRE LE TCHAD ET LA RCA"},"content":{"rendered":"<p class=\"c4\"><em>La tension est mont\u00e9e de plusieurs crans, le week-end \u00e9coul\u00e9, entre le Tchad et la R\u00e9publique centrafricaine (RCA). En effet, un accrochage meurtrier a oppos\u00e9 les arm\u00e9es des deux pays dans le d\u00e9partement des Monts de Lam, province du Logone oriental en territoire tchadien. Que s\u2019est il pass\u00e9 exactement\u00a0? Les Forces arm\u00e9es centrafricaines (FACA) et leurs alli\u00e9s russes, dans la traque sans merci qu\u2019elles m\u00e8nent contre les rebelles qui ont d\u00e9cid\u00e9 de pourrir la vie au pouvoir de Bangui, ont franchi la fronti\u00e8re pour se retrouver en territoire tchadien. La r\u00e9action des forces de d\u00e9fense et de s\u00e9curit\u00e9 tchadienne ne s\u2019est pas fait attendre, d\u2019o\u00f9 ces bruits de bottes qui auraient co\u00fbt\u00e9 la vie \u00e0 6 soldats et cinq autres bless\u00e9s. Certes, les FACA se sont tr\u00e8s vite retir\u00e9es \u00e0 pr\u00e8s de deux kilom\u00e8tres de la fronti\u00e8re, mais la situation\u00a0 reste toujours tendue puisqu\u2019\u00e0 ce qu\u2019on dit, des renforts de l\u2019arm\u00e9e tchadienne sont arriv\u00e9s en masse dans la zone o\u00f9 a eu lieu l\u2019accrochage. Pour qui conna\u00eet la t\u00e9m\u00e9rit\u00e9 de l\u2019arm\u00e9e tchadienne, il faut craindre des\u00a0 actions de repr\u00e9sailles destin\u00e9es \u00e0 venger ses soldats injustement tu\u00e9s. Le ministre tchadien des Affaires \u00e9trang\u00e8res a d\u2019ailleurs annonc\u00e9 la couleur en parlant \u00ab\u00a0d\u2019attaque meurtri\u00e8re pr\u00e9m\u00e9dit\u00e9e et planifi\u00e9e (\u2026) qui ne saurait rester impunie\u00a0\u00bb. Il faut donc savoir lire entre les lignes pour comprendre qu\u2019une exp\u00e9dition punitive n\u2019est pas \u00e0 exclure dans la mesure o\u00f9 certaines sources signalent d\u00e9j\u00e0 la pr\u00e9sence d\u2019unit\u00e9s de l\u2019arm\u00e9e tchadienne en territoire centrafricain.<\/em><\/p>\n<p class=\"c4\"><em>\u00a0<\/em><\/p>\n<p class=\"c6\"><strong><em>Les autorit\u00e9s centrafricaines se doivent d\u2019ouvrir l\u2019\u0153il et le bon, sur les agissements des mercenaires russes<\/em><\/strong><\/p>\n<p class=\"c4\"><em>\u00a0<\/em><\/p>\n<p class=\"c4\"><em>A moins que la communaut\u00e9 internationale, prenant la mesure de la gravit\u00e9 de la situation, n\u2019essaie de calmer le jeu pendant qu\u2019il est encore temps. Car, faut-il le rappeler, la RCA a tout \u00e0 perdre si elle prend le risque d\u2019entrer en conflit ouvert avec le Tchad dont on sait qu\u2019il constitue une puissance militaire sous-r\u00e9gionale. Et ce n\u2019est pas tout. Le\u00a0 Tchad, pour faire rendre gorge aux autorit\u00e9s de Bangui, peut, en repr\u00e9sailles, ouvrir ses portes aux rebelles centrafricains afin de leur servir de base-arri\u00e8re. Toute chose qui pourrait annihiler les efforts de pacification du pays en cours. On comprend pourquoi les autorit\u00e9s centrafricaines dont on sait qu\u2019elles marchent sur des \u0153ufs, tout en d\u00e9plorant un \u00ab\u00a0 incident malheureux\u00a0\u00bb, se disent dispos\u00e9es \u00e0 collaborer \u00ab\u00a0 avec le Tchad pour la s\u00e9curisation des fronti\u00e8res communes\u00a0\u00bb. Seront-elles entendues\u00a0? On attend de voir. Toutefois, les autorit\u00e9s centrafricaines se doivent d\u2019ouvrir l\u2019\u0153il et le bon, sur les agissements des mercenaires russes. Car, s\u2019il est vrai qu\u2019ils ont contribu\u00e9, aux c\u00f4t\u00e9s des FACA, \u00e0 r\u00e9duire la voilure des rebelles, il n\u2019en demeure pas moins qu\u2019ils sont capables de provoquer une crise diplomatique entre la RCA et son\u00a0 puissant voisin. En tout cas, si les FACA n\u2019avaient pas le soutien des Russes, elles n\u2019oseraient pas s\u2019attaquer aux positions des forces arm\u00e9es tchadiennes dont elles connaissent la force de frappe.<\/em><\/p>\n<p class=\"c4\"><em>\u00a0<\/em><\/p>\n<p class=\"c6\"><strong><em>B.O\u00a0<\/em><\/strong><\/p>\n<p>Auteur: Editions LEPAYS<br \/>\n<a href=\"https:\/\/lepays.bf\/tensions-entre-le-tchad-et-la-rca\/\">Cliquez ici pour lire l&rsquo;article depuis sa source.<\/a><\/p>\n","protected":false},"excerpt":{"rendered":"<p>La tension est mont\u00e9e de plusieurs crans, le week-end \u00e9coul\u00e9, entre le Tchad et la R\u00e9publique centrafricaine (RCA). En effet, un accrochage meurtrier a oppos\u00e9 les arm\u00e9es des deux pays dans le d\u00e9partement des Monts de Lam, province du Logone oriental en territoire tchadien. Que s\u2019est il pass\u00e9 exactement\u00a0? Les Forces arm\u00e9es centrafricaines (FACA) et [&hellip;]<\/p>\n","protected":false},"author":1813,"featured_media":0,"comment_status":"closed","ping_status":"closed","sticky":false,"template":"","format":"standard","meta":{"fifu_image_url":"","fifu_image_alt":"","footnotes":""},"categories":[73,81],"tags":[],"class_list":["post-117729","post","type-post","status-publish","format-standard","hentry","category-actualite","category-burkina-faso"],"_links":{"self":[{"href":"https:\/\/linitiative.ca\/International\/wp-json\/wp\/v2\/posts\/117729","targetHints":{"allow":["GET"]}}],"collection":[{"href":"https:\/\/linitiative.ca\/International\/wp-json\/wp\/v2\/posts"}],"about":[{"href":"https:\/\/linitiative.ca\/International\/wp-json\/wp\/v2\/types\/post"}],"author":[{"embeddable":true,"href":"https:\/\/linitiative.ca\/International\/wp-json\/wp\/v2\/users\/1813"}],"replies":[{"embeddable":true,"href":"https:\/\/linitiative.ca\/International\/wp-json\/wp\/v2\/comments?post=117729"}],"version-history":[{"count":0,"href":"https:\/\/linitiative.ca\/International\/wp-json\/wp\/v2\/posts\/117729\/revisions"}],"wp:attachment":[{"href":"https:\/\/linitiative.ca\/International\/wp-json\/wp\/v2\/media?parent=117729"}],"wp:term":[{"taxonomy":"category","embeddable":true,"href":"https:\/\/linitiative.ca\/International\/wp-json\/wp\/v2\/categories?post=117729"},{"taxonomy":"post_tag","embeddable":true,"href":"https:\/\/linitiative.ca\/International\/wp-json\/wp\/v2\/tags?post=117729"}],"curies":[{"name":"wp","href":"https:\/\/api.w.org\/{rel}","templated":true}]}}