{"id":117730,"date":"2021-05-30T19:30:46","date_gmt":"2021-05-30T23:30:46","guid":{"rendered":"https:\/\/linitiative.ca\/International\/cooperation-burkina-faso-gambie-un-emissaire-du-president-barrow-chez-le-chef-de-letat\/"},"modified":"2021-05-30T19:30:46","modified_gmt":"2021-05-30T23:30:46","slug":"cooperation-burkina-faso-gambie-un-emissaire-du-president-barrow-chez-le-chef-de-letat","status":"publish","type":"post","link":"https:\/\/linitiative.ca\/International\/cooperation-burkina-faso-gambie-un-emissaire-du-president-barrow-chez-le-chef-de-letat\/","title":{"rendered":"Coop\u00e9ration Burkina Faso-Gambie : Un \u00e9missaire du pr\u00e9sident Barrow chez le chef de l\u2019Etat"},"content":{"rendered":"<div class=\"td-post-featured-image\"><a href=\"https:\/\/www.sidwaya.info\/wp-content\/uploads\/2021\/05\/match1.jpg\" data-caption=\"\"><img loading=\"lazy\" decoding=\"async\" width=\"696\" height=\"464\" class=\"entry-thumb td-modal-image\" src=\"https:\/\/www.sidwaya.info\/wp-content\/uploads\/2021\/05\/match1-696x464.jpg\" srcset=\"https:\/\/www.sidwaya.info\/wp-content\/uploads\/2021\/05\/match1-696x464.jpg 696w, https:\/\/www.sidwaya.info\/wp-content\/uploads\/2021\/05\/match1-300x200.jpg 300w, https:\/\/www.sidwaya.info\/wp-content\/uploads\/2021\/05\/match1-768x512.jpg 768w, https:\/\/www.sidwaya.info\/wp-content\/uploads\/2021\/05\/match1-150x100.jpg 150w, https:\/\/www.sidwaya.info\/wp-content\/uploads\/2021\/05\/match1-630x420.jpg 630w, https:\/\/www.sidwaya.info\/wp-content\/uploads\/2021\/05\/match1.jpg 787w\" sizes=\"auto, (max-width: 696px) 100vw, 696px\" alt=\"\" title=\"match1\"\/><\/a><\/div>\n<p><strong>Le ministre gambien des Affaires \u00e9trang\u00e8res, de la Coop\u00e9ration internationale et des Gambiens de l\u2019ext\u00e9rieur, Mamadou Tangara, envoy\u00e9 sp\u00e9cial du pr\u00e9sident Adama Barrow, a \u00e9t\u00e9 re\u00e7u, en audience, le vendredi 28 mai 2021 \u00e0 Ouagadougou, par le chef de l\u2019Etat, Roch Marc Christian Kabor\u00e9.<\/strong><\/p>\n<p>La Gambie poursuit le renforcement de ses relations avec le Burkina Faso en vue de relever les d\u00e9fis communs auxquels sont confront\u00e9s les deux pays et ce, par le truchement de leurs minist\u00e8res en charge des affaires \u00e9trang\u00e8re respectifs. C\u2019est l\u2019information donn\u00e9e, le vendredi 28 mai 2021 \u00e0 Ouagadougou, par le ministre gambien des Affaires \u00e9trang\u00e8res, de la Coop\u00e9ration internationale et des Gambiens de l\u2019ext\u00e9rieur, Mamadou Tangara, au sortir d\u2019une audience avec le chef de l\u2019Etat, Roch Marc Christian Kabor\u00e9.<\/p>\n<p>L\u2019envoy\u00e9 sp\u00e9cial du pr\u00e9sident gambien, Adama Barrow, a expliqu\u00e9, de ce fait, qu\u2019il \u00e9tait porteur d\u2019un message entrant dans le cadre des consultations r\u00e9guli\u00e8res entre Ouagadougou et Banjul. \u00ab Des instructions ont \u00e9t\u00e9 donn\u00e9es dans ce sens par nos deux chefs d\u2019Etat afin que le ministre Alpha Barry et moi, \u00e9changions sur la mise en \u0153uvre d\u2019une commission conjointe \u00bb, a affirm\u00e9 le ministre gambien en charge des affaires \u00e9trang\u00e8res, Mamadou Tangara. La situation sociopolitique dans l\u2019espace CEDEAO et la vie de l\u2019organisation communautaire en g\u00e9n\u00e9ral ont \u00e9t\u00e9 \u00e9galement au c\u0153ur du t\u00eate-\u00e0 -t\u00eate entre l\u2019envoy\u00e9 du pr\u00e9sident gambien et le Pr\u00e9sident du Faso, Roch Marc Christian Kabor\u00e9.<\/p>\n<p>\u00ab Le pr\u00e9sident Adama Barrow m\u2019a demand\u00e9 de recueillir les avis et conseils de son fr\u00e8re et ami qui dispose d\u2019une solide exp\u00e9rience, notamment sur les questions d\u2019actualit\u00e9 de la sous-r\u00e9gion et au niveau de notre organisation commune \u00bb, a-t-il d\u00e9clar\u00e9. Le pr\u00e9sident Barrow a l\u2019habitude de dire, a-t-il poursuivi, que l\u2019exp\u00e9rience ne s\u2019apprend dans aucune universit\u00e9, mais aupr\u00e8s des personnes exp\u00e9riment\u00e9es. Le ministre Mamadou Tangara a t\u00e9moign\u00e9, en outre, sa gratitude \u00e0 son homologue, le chef de la diplomatie burkinab\u00e8, Alpha Barry et au Burkina Faso pour son \u201chospitalit\u00e9 l\u00e9gendaire\u201d.<\/p>\n<p>\u00ab Je suis \u00e0 l\u2019aise au Burkina Faso et le consid\u00e8re comme mon second pays. J\u2019y ai d\u2019ailleurs de nombreux amis, notamment au niveau de l\u2019universit\u00e9. La d\u00e9l\u00e9gation (ministre du Commerce, de l\u2019Industrie, de l\u2019Emploi et de l\u2019Int\u00e9gration r\u00e9gionale, Sidiki K\u00e9\u00efta et deux experts des minist\u00e8res gambiens de l\u2019int\u00e9gration r\u00e9gionale et des affaires \u00e9trang\u00e8res, ndlr) qui m\u2019accompagne et moi-m\u00eame sommes tr\u00e8s heureux d\u2019\u00eatre les h\u00f4tes du pays des Hommes int\u00e8gres \u00bb, a indiqu\u00e9 M. Tangara.<\/p>\n<p class=\"c1\"><strong>W. Aubin NANA<\/strong><br \/>nanaubin@yahoo.fr<\/p>\n<div class=\"td-a-rec td-a-rec-id-content_bottom tdi_33_155 td_block_template_1\">\n<p><img loading=\"lazy\" decoding=\"async\" class=\"aligncenter size-full wp-image-27454\" src=\"https:\/\/www.sidwaya.info\/wp-content\/uploads\/2020\/10\/PUB-Bandeau-paiement-mobile-siteweb.jpg\" alt=\"\" width=\"728\" height=\"90\"\/><\/div>\n<p>Auteur: JK. Sidwaya<br \/>\n<a href=\"https:\/\/www.sidwaya.info\/blog\/2021\/05\/30\/cooperation-burkina-faso-gambie-un-emissaire-du-president-barrow-chez-le-chef-de-letat\/\">Cliquez ici pour lire l&rsquo;article depuis sa source.<\/a><\/p>\n","protected":false},"excerpt":{"rendered":"<p>Le ministre gambien des Affaires \u00e9trang\u00e8res, de la Coop\u00e9ration internationale et des Gambiens de l\u2019ext\u00e9rieur, Mamadou Tangara, envoy\u00e9 sp\u00e9cial du pr\u00e9sident Adama Barrow, a \u00e9t\u00e9 re\u00e7u, en audience, le vendredi 28 mai 2021 \u00e0 Ouagadougou, par le chef de l\u2019Etat, Roch Marc Christian Kabor\u00e9. La Gambie poursuit le renforcement de ses relations avec le Burkina [&hellip;]<\/p>\n","protected":false},"author":1816,"featured_media":0,"comment_status":"closed","ping_status":"closed","sticky":false,"template":"","format":"standard","meta":{"fifu_image_url":"https:\/\/www.sidwaya.info\/wp-content\/uploads\/2021\/05\/match1-696x464.jpg","fifu_image_alt":"Coop\u00e9ration Burkina Faso-Gambie : Un \u00e9missaire du pr\u00e9sident Barrow chez le chef de l\u2019Etat","footnotes":""},"categories":[73,81],"tags":[],"class_list":["post-117730","post","type-post","status-publish","format-standard","hentry","category-actualite","category-burkina-faso"],"_links":{"self":[{"href":"https:\/\/linitiative.ca\/International\/wp-json\/wp\/v2\/posts\/117730","targetHints":{"allow":["GET"]}}],"collection":[{"href":"https:\/\/linitiative.ca\/International\/wp-json\/wp\/v2\/posts"}],"about":[{"href":"https:\/\/linitiative.ca\/International\/wp-json\/wp\/v2\/types\/post"}],"author":[{"embeddable":true,"href":"https:\/\/linitiative.ca\/International\/wp-json\/wp\/v2\/users\/1816"}],"replies":[{"embeddable":true,"href":"https:\/\/linitiative.ca\/International\/wp-json\/wp\/v2\/comments?post=117730"}],"version-history":[{"count":0,"href":"https:\/\/linitiative.ca\/International\/wp-json\/wp\/v2\/posts\/117730\/revisions"}],"wp:attachment":[{"href":"https:\/\/linitiative.ca\/International\/wp-json\/wp\/v2\/media?parent=117730"}],"wp:term":[{"taxonomy":"category","embeddable":true,"href":"https:\/\/linitiative.ca\/International\/wp-json\/wp\/v2\/categories?post=117730"},{"taxonomy":"post_tag","embeddable":true,"href":"https:\/\/linitiative.ca\/International\/wp-json\/wp\/v2\/tags?post=117730"}],"curies":[{"name":"wp","href":"https:\/\/api.w.org\/{rel}","templated":true}]}}