{"id":117731,"date":"2021-05-30T19:34:30","date_gmt":"2021-05-30T23:34:30","guid":{"rendered":"https:\/\/linitiative.ca\/International\/audience-presidentielle-la-banque-mondiale-prend-le-pouls-des-priorites-du-burkina\/"},"modified":"2021-05-30T19:34:30","modified_gmt":"2021-05-30T23:34:30","slug":"audience-presidentielle-la-banque-mondiale-prend-le-pouls-des-priorites-du-burkina","status":"publish","type":"post","link":"https:\/\/linitiative.ca\/International\/audience-presidentielle-la-banque-mondiale-prend-le-pouls-des-priorites-du-burkina\/","title":{"rendered":"Audience pr\u00e9sidentielle : La Banque mondiale prend le pouls des priorit\u00e9s du Burkina"},"content":{"rendered":"<div class=\"td-post-featured-image\">\n<figure><a href=\"https:\/\/www.sidwaya.info\/wp-content\/uploads\/2021\/05\/boa.jpg\" data-caption=\"Le pr\u00e9sident Roch Marc Christian Kabor\u00e9 (droite) a souhait\u00e9 plus de c\u00e9l\u00e9rit\u00e9 dans l\u2019ex\u00e9cution des projets conduits avec la Banque mondiale.\"><img loading=\"lazy\" decoding=\"async\" width=\"696\" height=\"463\" class=\"entry-thumb td-modal-image\" src=\"https:\/\/www.sidwaya.info\/wp-content\/uploads\/2021\/05\/boa-696x463.jpg\" srcset=\"https:\/\/www.sidwaya.info\/wp-content\/uploads\/2021\/05\/boa-696x463.jpg 696w, https:\/\/www.sidwaya.info\/wp-content\/uploads\/2021\/05\/boa-300x200.jpg 300w, https:\/\/www.sidwaya.info\/wp-content\/uploads\/2021\/05\/boa-768x511.jpg 768w, https:\/\/www.sidwaya.info\/wp-content\/uploads\/2021\/05\/boa-150x100.jpg 150w, https:\/\/www.sidwaya.info\/wp-content\/uploads\/2021\/05\/boa-631x420.jpg 631w, https:\/\/www.sidwaya.info\/wp-content\/uploads\/2021\/05\/boa.jpg 787w\" sizes=\"auto, (max-width: 696px) 100vw, 696px\" alt=\"\" title=\"boa\"\/><\/a><figcaption class=\"wp-caption-text\">Le pr\u00e9sident Roch Marc Christian Kabor\u00e9 (droite) a souhait\u00e9 plus de c\u00e9l\u00e9rit\u00e9 dans l\u2019ex\u00e9cution des projets conduits avec la Banque mondiale.<\/figcaption><\/figure>\n<\/div>\n<p><strong>Le Pr\u00e9sident du Faso, Roch Marc Christian Kabor\u00e9, a re\u00e7u en audience, le vendredi 28 mai 2021 \u00e0 Ouagadougou, le vice-pr\u00e9sident de la Banque mondiale pour l\u2019Afrique de l\u2019Ouest et centrale, Ousmane Diagana.<\/strong><\/p>\n<p>De nationalit\u00e9 mauritanienne, Ousmane Diagana est le vice-pr\u00e9sident de la Banque mondiale pour l\u2019Afrique de l\u2019Ouest et centrale depuis le 1er juillet 2020. Dans ce r\u00f4le, il coordonne les relations de la Banque mondiale aupr\u00e8s de 22 pays et g\u00e8re un portefeuille de projets, d\u2019assistance technique et de ressources financi\u00e8res de plus de 38 milliards de dollars. En cette qualit\u00e9, il souhaite apporter son expertise dans la mise en \u0153uvre de la vision du d\u00e9veloppement et des priorit\u00e9s du Burkina Faso. Il a rencontr\u00e9, \u00e0 cet effet, le vendredi 28 mai 2021 \u00e0 Ouagadougou, le Pr\u00e9sident du Faso, Roch Marc Christian Kabor\u00e9, au cours d\u2019une audience. A l\u2019entendre, ce t\u00eate-\u00e0-t\u00eate a \u00e9t\u00e9 \u00e9galement l\u2019occasion de recueillir les conseils du chef de l\u2019Etat sur la mani\u00e8re dont la Banque mondiale peut \u00eatre plus pr\u00e9sente et plus utile au Burkina Faso.<\/p>\n<p>\u00ab Il nous a expliqu\u00e9 sa volont\u00e9 de poursuivre son programme de d\u00e9veloppement pour son pays qui a atteint des progr\u00e8s importants dans les domaines de l\u2019agriculture, du renforcement du capital humain et ce, dans un contexte difficile \u00bb, a indiqu\u00e9 M. Diagana. Selon lui, le pr\u00e9sident du Faso souhaite plus de c\u00e9l\u00e9rit\u00e9 dans l\u2019ex\u00e9cution des projets et programmes conduit avec la Banque mondiale. Car, ceux-ci participent, \u00e0 entendre le chef de l\u2019Etat, \u00e0 la cr\u00e9ation d\u2019emplois pour les jeunes, au renforcement du capital humain et au d\u00e9veloppement des secteurs porteurs.<\/p>\n<p>\u201c Nous avons r\u00e9it\u00e9r\u00e9 au pr\u00e9sident Kabor\u00e9, notre volont\u00e9 de soutenir davantage les efforts du Burkina Faso en mati\u00e8re de d\u00e9veloppement \u00e9conomique et social, notamment \u00e0 travers la mobilisation de ressources pour le d\u00e9veloppement des secteurs de soutien \u00e0 la croissance comme les infrastructures routi\u00e8res, l\u2019\u00e9nergie, l\u2019agriculture\u201d, a affirm\u00e9 le vice-pr\u00e9sident de la Banque mondiale pour l\u2019Afrique de l\u2019Ouest et centrale.<\/p>\n<p>Avant d\u2019\u00eatre nomm\u00e9 \u00e0 ce poste, Ousmane Diagana a \u00e9t\u00e9, entre autres, vice-pr\u00e9sident des ressources humaines du Groupe de la Banque mondiale et vice-pr\u00e9sident en charge du d\u00e9partement d\u2019\u00c9thique et de D\u00e9ontologie du Groupe de la Banque mondiale. En 2009, il a re\u00e7u le Prix du bon manager de la part de l\u2019Association du personnel du groupe de la Banque mondiale en reconnaissance de son leadership. Titulaire d\u2019un dipl\u00f4me en \u00e9conomie, finance et planification et d\u2019un dipl\u00f4me en politique d\u2019\u00e9ducation et analyse, il parle six langues (fran\u00e7ais, anglais, arabe, sonink\u00e9, fulani et wolof).<\/p>\n<p class=\"c1\"><strong>W. Aubin NANA<\/strong><br \/>nanaubin@yahoo.fr<\/p>\n<div class=\"td-a-rec td-a-rec-id-content_bottom tdi_33_b0b td_block_template_1\">\n<p><img loading=\"lazy\" decoding=\"async\" class=\"aligncenter size-full wp-image-27454\" src=\"https:\/\/www.sidwaya.info\/wp-content\/uploads\/2020\/10\/PUB-Bandeau-paiement-mobile-siteweb.jpg\" alt=\"\" width=\"728\" height=\"90\"\/><\/div>\n<p>Auteur: JK. Sidwaya<br \/>\n<a href=\"https:\/\/www.sidwaya.info\/blog\/2021\/05\/30\/audience-presidentielle-la-banque-mondiale-prend-le-pouls-des-priorites-du-burkina\/\">Cliquez ici pour lire l&rsquo;article depuis sa source.<\/a><\/p>\n","protected":false},"excerpt":{"rendered":"<p>Le pr\u00e9sident Roch Marc Christian Kabor\u00e9 (droite) a souhait\u00e9 plus de c\u00e9l\u00e9rit\u00e9 dans l\u2019ex\u00e9cution des projets conduits avec la Banque mondiale. Le Pr\u00e9sident du Faso, Roch Marc Christian Kabor\u00e9, a re\u00e7u en audience, le vendredi 28 mai 2021 \u00e0 Ouagadougou, le vice-pr\u00e9sident de la Banque mondiale pour l\u2019Afrique de l\u2019Ouest et centrale, Ousmane Diagana. De [&hellip;]<\/p>\n","protected":false},"author":1816,"featured_media":0,"comment_status":"closed","ping_status":"closed","sticky":false,"template":"","format":"standard","meta":{"fifu_image_url":"https:\/\/www.sidwaya.info\/wp-content\/uploads\/2021\/05\/boa-696x463.jpg","fifu_image_alt":"Audience pr\u00e9sidentielle : La Banque mondiale prend le pouls des priorit\u00e9s du Burkina","footnotes":""},"categories":[73,81],"tags":[],"class_list":["post-117731","post","type-post","status-publish","format-standard","hentry","category-actualite","category-burkina-faso"],"_links":{"self":[{"href":"https:\/\/linitiative.ca\/International\/wp-json\/wp\/v2\/posts\/117731","targetHints":{"allow":["GET"]}}],"collection":[{"href":"https:\/\/linitiative.ca\/International\/wp-json\/wp\/v2\/posts"}],"about":[{"href":"https:\/\/linitiative.ca\/International\/wp-json\/wp\/v2\/types\/post"}],"author":[{"embeddable":true,"href":"https:\/\/linitiative.ca\/International\/wp-json\/wp\/v2\/users\/1816"}],"replies":[{"embeddable":true,"href":"https:\/\/linitiative.ca\/International\/wp-json\/wp\/v2\/comments?post=117731"}],"version-history":[{"count":0,"href":"https:\/\/linitiative.ca\/International\/wp-json\/wp\/v2\/posts\/117731\/revisions"}],"wp:attachment":[{"href":"https:\/\/linitiative.ca\/International\/wp-json\/wp\/v2\/media?parent=117731"}],"wp:term":[{"taxonomy":"category","embeddable":true,"href":"https:\/\/linitiative.ca\/International\/wp-json\/wp\/v2\/categories?post=117731"},{"taxonomy":"post_tag","embeddable":true,"href":"https:\/\/linitiative.ca\/International\/wp-json\/wp\/v2\/tags?post=117731"}],"curies":[{"name":"wp","href":"https:\/\/api.w.org\/{rel}","templated":true}]}}