{"id":117732,"date":"2021-05-30T19:40:19","date_gmt":"2021-05-30T23:40:19","guid":{"rendered":"https:\/\/linitiative.ca\/International\/reconciliation-nationale-lupc-apporte-sa-contribution\/"},"modified":"2021-05-30T19:40:19","modified_gmt":"2021-05-30T23:40:19","slug":"reconciliation-nationale-lupc-apporte-sa-contribution","status":"publish","type":"post","link":"https:\/\/linitiative.ca\/International\/reconciliation-nationale-lupc-apporte-sa-contribution\/","title":{"rendered":"R\u00e9conciliation nationale : L\u2019UPC apporte sa contribution"},"content":{"rendered":"<div class=\"td-post-featured-image\"><a href=\"https:\/\/www.sidwaya.info\/wp-content\/uploads\/2021\/05\/upc.jpg\" data-caption=\"\"><img loading=\"lazy\" decoding=\"async\" width=\"696\" height=\"464\" class=\"entry-thumb td-modal-image\" src=\"https:\/\/www.sidwaya.info\/wp-content\/uploads\/2021\/05\/upc-696x464.jpg\" srcset=\"https:\/\/www.sidwaya.info\/wp-content\/uploads\/2021\/05\/upc-696x464.jpg 696w, https:\/\/www.sidwaya.info\/wp-content\/uploads\/2021\/05\/upc-300x200.jpg 300w, https:\/\/www.sidwaya.info\/wp-content\/uploads\/2021\/05\/upc-768x512.jpg 768w, https:\/\/www.sidwaya.info\/wp-content\/uploads\/2021\/05\/upc-150x100.jpg 150w, https:\/\/www.sidwaya.info\/wp-content\/uploads\/2021\/05\/upc-630x420.jpg 630w, https:\/\/www.sidwaya.info\/wp-content\/uploads\/2021\/05\/upc.jpg 787w\" sizes=\"auto, (max-width: 696px) 100vw, 696px\" alt=\"\" title=\"upc\"\/><\/a><\/div>\n<p><strong>Le centre de formation politique de l\u2019Union pour le progr\u00e8s et le Changement (UPC) a organis\u00e9 le samedi 29 mai 2021 \u00e0 Ouagadougou, un panel sur la r\u00e9conciliation nationale avec pour th\u00e8me : \u00ab Enjeux, d\u00e9fis et chemins de la r\u00e9conciliation nationale : quelles contribution des acteurs politiques ? \u00bb.<\/strong><\/p>\n<p>L\u2019Union pour le progr\u00e8s et le changement (UPC) ne veut pas rester en marge des r\u00e9flexions en cours sur le processus de r\u00e9conciliation nationale. Le centre de formation politique du \u00ab parti du lion \u00bb s\u2019est invit\u00e9 aux d\u00e9bats en organisant le samedi 29 mai 2021 \u00e0 Ouagadougou, un panel sur la r\u00e9conciliation nationale autour du th\u00e8me : \u00ab Enjeux, d\u00e9fis et chemins de la r\u00e9conciliation nationale : quelles contribution des acteurs politiques ? \u00bb Pour mieux aborder la probl\u00e9matique, trois communicateurs ont \u00e9t\u00e9 invit\u00e9s \u00e0 la table de discussions.<\/p>\n<p>Le premier pan\u00e9liste, le Professeur Serge Th\u00e9ophile Balima, s\u2019est int\u00e9ress\u00e9 \u00e0 la d\u00e9finition du concept, aux enjeux et aux d\u00e9fis de la r\u00e9conciliation nationale. De son expos\u00e9, il ressort que la r\u00e9conciliation nationale a une d\u00e9finition \u00e0 g\u00e9om\u00e9trie variable selon les acteurs (acteurs religieux, sociaux, politiques et \u00e9conomiques). Pour r\u00e9ussir la r\u00e9conciliation, le communicateur a \u00e9gren\u00e9 un ensemble de conditions \u00e0 remplir et des d\u00e9fis \u00e0 relever. A l\u2019\u00e9couter, la grande majorit\u00e9 des acteurs s\u2019accordent \u00e0 dire que les conditions indispensables \u00e0 la r\u00e9ussite de la r\u00e9conciliation sont la clarification des faits (la v\u00e9rit\u00e9), la connaissance de la v\u00e9rit\u00e9 qui est aussi en rapport avec le d\u00e9dommagement ou la r\u00e9paration des pr\u00e9judices (la justice) et enfin le pardon.<\/p>\n<p>Pour cela, il est important, a-t-il soutenu, de trouver des porteurs de messages cr\u00e9dibles sur le sujet. Le communicateur a aussi relev\u00e9 la n\u00e9cessit\u00e9 de disposer d\u2019une p\u00e9dagogie de la communication sociale pour que le plus grand nombre de citoyens soit au m\u00eame niveau d\u2019information sur les enjeux de la r\u00e9conciliation. En plus, a-t-il poursuivi, les acteurs doivent lutter contre la d\u00e9sinformation sur la question, surtout sur les r\u00e9seaux sociaux. A ce propos, la collaboration avec les m\u00e9dias, les journalistes et les hommes de culture s\u2019imposent comme les relais sociaux pour contrecarrer les nuisances.<\/p>\n<p>De l\u2019avis du paneliste, l\u2019approche par province et par r\u00e9gion avant les assises nationales semble \u00eatre la meilleure d\u00e9marche en ce sens qu\u2019elle permettra une adh\u00e9sion plus grande des populations. En termes de d\u00e9fis \u00e0 relever, le professeur Balima a not\u00e9 la n\u00e9cessit\u00e9 d\u2019apaiser le \u00ab climat social souterrain \u00bb caract\u00e9ris\u00e9 par un nombre important de citoyens sceptiques qui pensent \u00e0 tort ou \u00e0 raison que la r\u00e9conciliation est une obligation \u00e9v\u00e8nementielle visant \u00e0 consacrer une prime \u00e0 l\u2019impunit\u00e9 \u00e0 certains hommes et femmes politiques.<\/p>\n<h3>Le compromis politique<\/h3>\n<p>Et le deuxi\u00e8me pan\u00e9liste, M\u00e9l\u00e9gu\u00e9 Traor\u00e9, homme politique, d\u2019emboucher la m\u00eame trompette que son pr\u00e9d\u00e9cesseur. \u00ab Si nous sommes sceptiques d\u00e8s le d\u00e9part, nous n\u2019allons pas r\u00e9ussir le processus \u00bb, a-t-il pr\u00e9venu avant d\u2019appr\u00e9cier favorablement le processus de r\u00e9conciliation en cours. Pour lui, il s\u2019agit d\u2019une entreprise ambitieuse qui vise l\u2019implication de tout le monde. Par cons\u00e9quent, M. Traor\u00e9 a invit\u00e9 les \u00e9lites et les hommes politiques \u00e0 apporter leur contribution au processus. \u00ab Elle est vitale pour le pays.<\/p>\n<p>Nous, \u00e9lites et hommes politiques, sommes \u00e0 l\u2019origine pour la plupart des probl\u00e8mes. C\u2019est notre syst\u00e8me politique qui cr\u00e9e les ranc\u0153urs et oppositions si bien que quelquefois, cela devient irr\u00e9conciliable \u00bb a-t-il expliqu\u00e9. Puis de pr\u00e9ciser que l\u2019ensemble des probl\u00e8mes du Burkina ne pourront pas \u00eatre r\u00e9gl\u00e9s cette ann\u00e9e. Mais quelques axes permettront de tirer les le\u00e7ons du pass\u00e9, les forces et les faiblesses et se projeter dans l\u2019avenir, a confi\u00e9 l\u2019homme politique. Le troisi\u00e8me communicateur, le journaliste, Lookman Sawadogo, a r\u00e9sum\u00e9 le mode op\u00e9ratoire de la r\u00e9conciliation nationale en trois \u00e9l\u00e9ments essentiels que sont l\u2019esprit de la r\u00e9conciliation, le compromis politique et la catharsis sociale. Parlant d\u2019esprit de la r\u00e9conciliation, M. Sawadogo a indiqu\u00e9 que les acteurs doivent clarifier la vision, la trajectoire et la finalit\u00e9 de la r\u00e9conciliation.<\/p>\n<p>Pour ce qui est du compromis politique, le conf\u00e9rencier a relev\u00e9 que sa prise en compte permettra de donner une sorte d\u2019assurance \u00e0 l\u2019ensemble des acteurs. Pour le dernier volet de sa communication, Lookman Sawadogo a insist\u00e9 sur l\u2019importance de r\u00e9parer les torts et d\u2019apaiser les c\u0153urs des victimes et leurs familles. A ce propos, a-t-il sugg\u00e9r\u00e9, le triptyque v\u00e9rit\u00e9, justice et r\u00e9conciliation est un instrument de base qui va conduire \u00e0 cette catharsis. Le communicateur a par ailleurs relev\u00e9 la n\u00e9cessit\u00e9 de recourir \u00e0 la justice classique et la justice r\u00e9paratrice pour une couverture normale de l\u2019ensemble des dossiers r\u00e9pertori\u00e9s depuis 1960 par la commission sur la r\u00e9conciliation. Le directeur du centre de formation politique de l\u2019UPC, Alain Kam, a salu\u00e9 la qualit\u00e9 des communications ainsi que la contribution des participants. Il a souhait\u00e9 que les pistes de solutions \u00e9bauch\u00e9es permettent de baliser le chemin conduisant \u00e0 la r\u00e9conciliation nationale et au renforcement du ciment social.<\/p>\n<p class=\"c1\"><strong>Abdoulaye BALBONE<\/strong><\/p>\n<div class=\"td-a-rec td-a-rec-id-content_bottom tdi_33_e5c td_block_template_1\">\n<p><img loading=\"lazy\" decoding=\"async\" class=\"aligncenter size-full wp-image-27454\" src=\"https:\/\/www.sidwaya.info\/wp-content\/uploads\/2020\/10\/PUB-Bandeau-paiement-mobile-siteweb.jpg\" alt=\"\" width=\"728\" height=\"90\"\/><\/div>\n<p>Auteur: JK. Sidwaya<br \/>\n<a href=\"https:\/\/www.sidwaya.info\/blog\/2021\/05\/30\/reconciliation-nationale-lupc-apporte-sa-contribution\/\">Cliquez ici pour lire l&rsquo;article depuis sa source.<\/a><\/p>\n","protected":false},"excerpt":{"rendered":"<p>Le centre de formation politique de l\u2019Union pour le progr\u00e8s et le Changement (UPC) a organis\u00e9 le samedi 29 mai 2021 \u00e0 Ouagadougou, un panel sur la r\u00e9conciliation nationale avec pour th\u00e8me : \u00ab Enjeux, d\u00e9fis et chemins de la r\u00e9conciliation nationale : quelles contribution des acteurs politiques ? \u00bb. L\u2019Union pour le progr\u00e8s et [&hellip;]<\/p>\n","protected":false},"author":1816,"featured_media":0,"comment_status":"closed","ping_status":"closed","sticky":false,"template":"","format":"standard","meta":{"fifu_image_url":"https:\/\/www.sidwaya.info\/wp-content\/uploads\/2021\/05\/upc-696x464.jpg","fifu_image_alt":"R\u00e9conciliation nationale : L\u2019UPC apporte sa contribution","footnotes":""},"categories":[73,81],"tags":[],"class_list":["post-117732","post","type-post","status-publish","format-standard","hentry","category-actualite","category-burkina-faso"],"_links":{"self":[{"href":"https:\/\/linitiative.ca\/International\/wp-json\/wp\/v2\/posts\/117732","targetHints":{"allow":["GET"]}}],"collection":[{"href":"https:\/\/linitiative.ca\/International\/wp-json\/wp\/v2\/posts"}],"about":[{"href":"https:\/\/linitiative.ca\/International\/wp-json\/wp\/v2\/types\/post"}],"author":[{"embeddable":true,"href":"https:\/\/linitiative.ca\/International\/wp-json\/wp\/v2\/users\/1816"}],"replies":[{"embeddable":true,"href":"https:\/\/linitiative.ca\/International\/wp-json\/wp\/v2\/comments?post=117732"}],"version-history":[{"count":0,"href":"https:\/\/linitiative.ca\/International\/wp-json\/wp\/v2\/posts\/117732\/revisions"}],"wp:attachment":[{"href":"https:\/\/linitiative.ca\/International\/wp-json\/wp\/v2\/media?parent=117732"}],"wp:term":[{"taxonomy":"category","embeddable":true,"href":"https:\/\/linitiative.ca\/International\/wp-json\/wp\/v2\/categories?post=117732"},{"taxonomy":"post_tag","embeddable":true,"href":"https:\/\/linitiative.ca\/International\/wp-json\/wp\/v2\/tags?post=117732"}],"curies":[{"name":"wp","href":"https:\/\/api.w.org\/{rel}","templated":true}]}}