{"id":117734,"date":"2021-05-31T08:54:55","date_gmt":"2021-05-31T12:54:55","guid":{"rendered":"https:\/\/linitiative.ca\/International\/burkina-la-vaccination-contre-le-covid-19-debute-le-2-juin\/"},"modified":"2021-05-31T08:54:55","modified_gmt":"2021-05-31T12:54:55","slug":"burkina-la-vaccination-contre-le-covid-19-debute-le-2-juin","status":"publish","type":"post","link":"https:\/\/linitiative.ca\/International\/burkina-la-vaccination-contre-le-covid-19-debute-le-2-juin\/","title":{"rendered":"Burkina\u00a0: la \u00a0vaccination  contre le COVID -19 d\u00e9bute\u00a0 le 2 juin"},"content":{"rendered":"<div class=\"td-post-featured-image\"><a href=\"https:\/\/www.sidwaya.info\/wp-content\/uploads\/2021\/05\/co.jpeg\" data-caption=\"\"><img loading=\"lazy\" decoding=\"async\" width=\"696\" height=\"464\" class=\"entry-thumb td-modal-image\" src=\"https:\/\/www.sidwaya.info\/wp-content\/uploads\/2021\/05\/co-696x464.jpeg\" srcset=\"https:\/\/www.sidwaya.info\/wp-content\/uploads\/2021\/05\/co-696x464.jpeg 696w, https:\/\/www.sidwaya.info\/wp-content\/uploads\/2021\/05\/co-300x200.jpeg 300w, https:\/\/www.sidwaya.info\/wp-content\/uploads\/2021\/05\/co-768x512.jpeg 768w, https:\/\/www.sidwaya.info\/wp-content\/uploads\/2021\/05\/co-150x100.jpeg 150w, https:\/\/www.sidwaya.info\/wp-content\/uploads\/2021\/05\/co-630x420.jpeg 630w, https:\/\/www.sidwaya.info\/wp-content\/uploads\/2021\/05\/co.jpeg 900w\" sizes=\"auto, (max-width: 696px) 100vw, 696px\" alt=\"\" title=\"co\"\/><\/a><\/div>\n<p>Dans le cadre de l\u2019initiative Covax, le Burkina Faso par le biais du ministre de la Sant\u00e9, Pr Charlemagne Ou\u00e9draogo, a r\u00e9ceptionn\u00e9\u00a0 le lundi 31 mai 2021 \u00e0 l\u2019a\u00e9roport international de Ouagadougou 115 200 doses de vaccin Astra Zeneca contre le Covid-19. \u00a0Ces doses sont reparties : 92 000 \u00a0pour les personnes vuln\u00e9rables,\u00a0 20 000 pour les p\u00e8lerins et 3000 pour le personnel des ONG et le syst\u00e8me des nations unies. Selon le ministre de la sant\u00e9, la vaccination d\u00e9butera le 2 juin prochain.<\/p>\n<p>A.Z<\/p>\n<div class=\"td-a-rec td-a-rec-id-content_bottom tdi_33_256 td_block_template_1\">\n<p><img loading=\"lazy\" decoding=\"async\" class=\"aligncenter size-full wp-image-27454\" src=\"https:\/\/www.sidwaya.info\/wp-content\/uploads\/2020\/10\/PUB-Bandeau-paiement-mobile-siteweb.jpg\" alt=\"\" width=\"728\" height=\"90\"\/><\/div>\n<p>Auteur: BS. Sidwaya<br \/>\n<a href=\"https:\/\/www.sidwaya.info\/blog\/2021\/05\/31\/burkina-le-vaccin-contre-le-covid-19-debute-le-2-juin\/\">Cliquez ici pour lire l&rsquo;article depuis sa source.<\/a><\/p>\n","protected":false},"excerpt":{"rendered":"<p>Dans le cadre de l\u2019initiative Covax, le Burkina Faso par le biais du ministre de la Sant\u00e9, Pr Charlemagne Ou\u00e9draogo, a r\u00e9ceptionn\u00e9\u00a0 le lundi 31 mai 2021 \u00e0 l\u2019a\u00e9roport international de Ouagadougou 115 200 doses de vaccin Astra Zeneca contre le Covid-19. \u00a0Ces doses sont reparties : 92 000 \u00a0pour les personnes vuln\u00e9rables,\u00a0 20 000 [&hellip;]<\/p>\n","protected":false},"author":1816,"featured_media":0,"comment_status":"closed","ping_status":"closed","sticky":false,"template":"","format":"standard","meta":{"fifu_image_url":"https:\/\/www.sidwaya.info\/wp-content\/uploads\/2021\/05\/co-696x464.jpeg","fifu_image_alt":"Burkina\u00a0: la \u00a0vaccination  contre le COVID -19 d\u00e9bute\u00a0 le 2 juin","footnotes":""},"categories":[73,81],"tags":[],"class_list":["post-117734","post","type-post","status-publish","format-standard","hentry","category-actualite","category-burkina-faso"],"_links":{"self":[{"href":"https:\/\/linitiative.ca\/International\/wp-json\/wp\/v2\/posts\/117734","targetHints":{"allow":["GET"]}}],"collection":[{"href":"https:\/\/linitiative.ca\/International\/wp-json\/wp\/v2\/posts"}],"about":[{"href":"https:\/\/linitiative.ca\/International\/wp-json\/wp\/v2\/types\/post"}],"author":[{"embeddable":true,"href":"https:\/\/linitiative.ca\/International\/wp-json\/wp\/v2\/users\/1816"}],"replies":[{"embeddable":true,"href":"https:\/\/linitiative.ca\/International\/wp-json\/wp\/v2\/comments?post=117734"}],"version-history":[{"count":0,"href":"https:\/\/linitiative.ca\/International\/wp-json\/wp\/v2\/posts\/117734\/revisions"}],"wp:attachment":[{"href":"https:\/\/linitiative.ca\/International\/wp-json\/wp\/v2\/media?parent=117734"}],"wp:term":[{"taxonomy":"category","embeddable":true,"href":"https:\/\/linitiative.ca\/International\/wp-json\/wp\/v2\/categories?post=117734"},{"taxonomy":"post_tag","embeddable":true,"href":"https:\/\/linitiative.ca\/International\/wp-json\/wp\/v2\/tags?post=117734"}],"curies":[{"name":"wp","href":"https:\/\/api.w.org\/{rel}","templated":true}]}}