{"id":117735,"date":"2021-05-31T12:18:03","date_gmt":"2021-05-31T16:18:03","guid":{"rendered":"https:\/\/linitiative.ca\/International\/le-maroc-prend-note-de-la-comparution-mardi-devant-la-justice-espagnole-du-chef-du-polisario-mae\/"},"modified":"2021-05-31T12:18:03","modified_gmt":"2021-05-31T16:18:03","slug":"le-maroc-prend-note-de-la-comparution-mardi-devant-la-justice-espagnole-du-chef-du-polisario-mae","status":"publish","type":"post","link":"https:\/\/linitiative.ca\/International\/le-maroc-prend-note-de-la-comparution-mardi-devant-la-justice-espagnole-du-chef-du-polisario-mae\/","title":{"rendered":"Le Maroc prend note de la comparution mardi devant la justice espagnole du chef du polisario (MAE)"},"content":{"rendered":"<div readability=\"32\">\n<p>Publi\u00e9 le 31.05.2021 \u00e0 17h18 par APA News<\/p>\n<\/div>\n<div readability=\"83\">\n<p>La comparution mardi 1er\u00a0juin du chef du front du polisario, Brahim Ghali, devant la Haute Cour Nationale espagnole, est une \u00ab \u00e9volution \u00bb dont le Maroc prend note, affirme, lundi, le minist\u00e8re marocain des Affaires \u00e9trang\u00e8res.\u00ab Ce mardi 1ier juin, le d\u00e9nomm\u00e9 Ghali compara\u00eetra. \u00a0Certes, cette comparution est une \u00e9volution dont le Maroc prend note. Elle ne constitue pas, pour autant, le fond de la crise grave entre les deux pays voisins \u00bb, selon les termes de la d\u00e9claration du minist\u00e8re marocain des Affaires \u00e9trang\u00e8res au sujet de la crise maroco-espagnole n\u00e9e suite \u00e0 l\u2019accueil par Madrid du chef du polisario sous une fausse identit\u00e9 et avec un passeport falsifi\u00e9.<\/p>\n<p>Selon ce document, la comparution du chef du polisario \u00ab confirme ce que le Maroc avait dit d\u00e8s le d\u00e9but : l\u2019Espagne a bien fait rentrer, sciemment, sur son territoire, de mani\u00e8re frauduleuse et occulte, une personne poursuivie par la justice espagnole pour des plaintes d\u00e9pos\u00e9es par des victimes de nationalit\u00e9 espagnole et pour des actes commis en partie sur le sol espagnol \u00bb.<\/p>\n<p>Elle vient aussi \u00ab montrer le vrai visage du polisario incarn\u00e9 par un dirigeant qui a commis des crimes abjects, qui viole, torture, bafoue les droits de l\u2019Homme et commandite des actes terroristes \u00bb et souligne \u00ab la responsabilit\u00e9 de l\u2019Espagne envers elle-m\u00eame, puisque les victimes de Ghali sont avant tout espagnoles \u00bb, argue le minist\u00e8re.<\/p>\n<p>Cette comparution constitue, donc, le d\u00e9but d\u2019une premi\u00e8re reconnaissance des droits des victimes et de la responsabilit\u00e9 criminelle et p\u00e9nale de cet individu, rel\u00e8ve la D\u00e9claration, qui fait observer que c\u2019est la premi\u00e8re fois que la justice espagnole convoque ce responsable et lui oppose des plaintes pour des crimes graves.<\/p>\n<p>Et encore, il ne s\u2019agit que des plaintes r\u00e9v\u00e9l\u00e9es au grand jour. Qu\u2019en est-il de tous les enfants, les femmes et les hommes qui subissent les affres du \u00ab polisario \u00bb ? s\u2019interroge le d\u00e9partement des Affaires \u00e9trang\u00e8res, faisant \u00e9tat de traitements inhumains inflig\u00e9s quotidiennement aux populations de Tindouf (sud-ouest de l\u2019Alg\u00e9rie) sans que justice ne leur soit rendue.<\/p>\n<\/div>\n<p>Auteur: APA News<br \/>\n<a href=\"https:\/\/www.journalducameroun.com\/le-maroc-prend-note-de-la-comparution-mardi-devant-la-justice-espagnole-du-chef-du-polisario-mae\/\">Cliquez ici pour lire l&rsquo;article depuis sa source.<\/a><\/p>\n","protected":false},"excerpt":{"rendered":"<p>Publi\u00e9 le 31.05.2021 \u00e0 17h18 par APA News La comparution mardi 1er\u00a0juin du chef du front du polisario, Brahim Ghali, devant la Haute Cour Nationale espagnole, est une \u00ab \u00e9volution \u00bb dont le Maroc prend note, affirme, lundi, le minist\u00e8re marocain des Affaires \u00e9trang\u00e8res.\u00ab Ce mardi 1ier juin, le d\u00e9nomm\u00e9 Ghali compara\u00eetra. \u00a0Certes, cette comparution [&hellip;]<\/p>\n","protected":false},"author":1965,"featured_media":0,"comment_status":"closed","ping_status":"closed","sticky":false,"template":"","format":"standard","meta":{"fifu_image_url":"","fifu_image_alt":"","footnotes":""},"categories":[73,82],"tags":[],"class_list":["post-117735","post","type-post","status-publish","format-standard","hentry","category-actualite","category-cameroun"],"_links":{"self":[{"href":"https:\/\/linitiative.ca\/International\/wp-json\/wp\/v2\/posts\/117735","targetHints":{"allow":["GET"]}}],"collection":[{"href":"https:\/\/linitiative.ca\/International\/wp-json\/wp\/v2\/posts"}],"about":[{"href":"https:\/\/linitiative.ca\/International\/wp-json\/wp\/v2\/types\/post"}],"author":[{"embeddable":true,"href":"https:\/\/linitiative.ca\/International\/wp-json\/wp\/v2\/users\/1965"}],"replies":[{"embeddable":true,"href":"https:\/\/linitiative.ca\/International\/wp-json\/wp\/v2\/comments?post=117735"}],"version-history":[{"count":0,"href":"https:\/\/linitiative.ca\/International\/wp-json\/wp\/v2\/posts\/117735\/revisions"}],"wp:attachment":[{"href":"https:\/\/linitiative.ca\/International\/wp-json\/wp\/v2\/media?parent=117735"}],"wp:term":[{"taxonomy":"category","embeddable":true,"href":"https:\/\/linitiative.ca\/International\/wp-json\/wp\/v2\/categories?post=117735"},{"taxonomy":"post_tag","embeddable":true,"href":"https:\/\/linitiative.ca\/International\/wp-json\/wp\/v2\/tags?post=117735"}],"curies":[{"name":"wp","href":"https:\/\/api.w.org\/{rel}","templated":true}]}}