{"id":117736,"date":"2021-05-31T13:18:01","date_gmt":"2021-05-31T17:18:01","guid":{"rendered":"https:\/\/linitiative.ca\/International\/le-fond-de-la-crise-maroco-espagnole-est-une-question-darriere-pensees-espagnoles-hostiles-au-sujet-du-sahara-mae\/"},"modified":"2021-05-31T13:18:01","modified_gmt":"2021-05-31T17:18:01","slug":"le-fond-de-la-crise-maroco-espagnole-est-une-question-darriere-pensees-espagnoles-hostiles-au-sujet-du-sahara-mae","status":"publish","type":"post","link":"https:\/\/linitiative.ca\/International\/le-fond-de-la-crise-maroco-espagnole-est-une-question-darriere-pensees-espagnoles-hostiles-au-sujet-du-sahara-mae\/","title":{"rendered":"Le fond de la crise maroco-espagnole est une question d\u2019arri\u00e8re-pens\u00e9es espagnoles hostiles au sujet du Sahara (MAE)"},"content":{"rendered":"<div readability=\"32\">\n<p>Publi\u00e9 le 31.05.2021 \u00e0 18h18 par APA News<\/p>\n<\/div>\n<div readability=\"118\">\n<p>Le minist\u00e8re marocain des Affaires \u00e9trang\u00e8res consid\u00e8re que le fond de la crise entre Rabat et Madrid est une question d\u2019arri\u00e8re-pens\u00e9es espagnoles hostiles au sujet du Sahara, cause sacr\u00e9e de l\u2019ensemble du peuple marocain.\u00ab La crise n\u2019est pas li\u00e9e au cas d\u2019un homme (allusion au chef du polisario Brahim Ghali). Elle ne commence pas avec son arriv\u00e9e pas plus qu\u2019elle ne s\u2019ach\u00e8ve avec son d\u00e9part. \u00a0C\u2019est d\u2019abord une histoire de confiance et de respect mutuel rompus entre le Maroc et l\u2019Espagne. \u00a0C\u2019est un test pour la fiabilit\u00e9 du partenariat entre le Maroc et l\u2019Espagne \u00bb, explique le minist\u00e8re d\u2019une d\u00e9claration publi\u00e9e ce lundi.<\/p>\n<p>Pour le minist\u00e8re, la crise entre le Maroc et l\u2019Espagne ne peut s\u2019arr\u00eater sans la comparution du chef du polisario, d\u2019autant plus qu\u2019elle ne peut pas non plus se r\u00e9soudre avec sa seule audition par la Haute Cour Nationale espagnole, pr\u00e9vue le 1er juin.<\/p>\n<p>Le Maroc, qui met l\u2019Espagne devant ses responsabilit\u00e9s, assure que ses \u00ab attentes l\u00e9gitimes \u00bb se situent bien au-del\u00e0 . \u00ab Elles commencent par une clarification, sans ambigu\u00eft\u00e9, par l\u2019Espagne de ses choix, de ses d\u00e9cisions et de ses positions \u00bb, souligne la D\u00e9claration.<\/p>\n<p>Pour le Maroc, le d\u00e9nomm\u00e9 Ghali n\u2019est qu\u2019\u00e0 l\u2019image du \u00ab polisario \u00bb. \u00a0La mani\u00e8re avec laquelle il est rentr\u00e9 en Espagne \u2013 avec un faux passeport, sous une fausse identit\u00e9 alg\u00e9rienne et dans un avion pr\u00e9sidentiel alg\u00e9rien \u2013 trahit l\u2019essence m\u00eame de cette milice s\u00e9paratiste, pointe du doigt le minist\u00e8re des Affaires \u00e9trang\u00e8res.<\/p>\n<p>\u00ab Au-del\u00e0 du cas du d\u00e9nomm\u00e9 Ghali, cette affaire a d\u00e9voil\u00e9 les attitudes hostiles et les strat\u00e9gies nuisibles de l\u2019Espagne \u00e0 l\u2019\u00e9gard de la question du Sahara Marocain. \u00a0Elle a r\u00e9v\u00e9l\u00e9 les connivences de notre voisin du Nord avec les adversaires du Royaume pour porter atteinte \u00e0 l\u2019int\u00e9grit\u00e9 territoriale du Maroc \u00bb, d\u00e9plore le minist\u00e8re.<\/p>\n<p>Le Maroc peut-il \u00e0 nouveau faire confiance \u00e0 l\u2019Espagne ? Comment savoir que l\u2019Espagne ne complotera pas \u00e0 nouveau avec les ennemis du Royaume ? Le Maroc peut-il r\u00e9ellement compter sur l\u2019Espagne pour qu\u2019elle n\u2019agisse pas derri\u00e8re son dos? Comment r\u00e9tablir la confiance apr\u00e8s une si grave erreur ? \u00a0Quelles sont les garanties de fiabilit\u00e9 dont le Maroc dispose \u00e0 ce jour ? En fait, cela revient \u00e0 poser la question fondamentale suivante : que veut l\u2019Espagne r\u00e9ellement ? autant d\u2019interrogations soulev\u00e9es par le D\u00e9partement marocain des AE.<\/p>\n<p>La Crise Maroc-Espagne pose la question de coh\u00e9rence<\/p>\n<p>\u00ab Cette crise pose, par ailleurs, une question de coh\u00e9rence. L\u2019on ne peut pas combattre le s\u00e9paratisme chez soi et l\u2019encourager chez son voisin :<\/p>\n<p>C\u2019est au nom de cette coh\u00e9rence vis-\u00e0-vis de lui-m\u00eame d\u2019abord et de ses partenaires ensuite, que le Maroc n\u2019a jamais instrumentalis\u00e9 le s\u00e9paratisme. Il ne l\u2019a jamais encourag\u00e9 comme une carte dans ses relations internationales, et notamment avec ses voisins.<\/p>\n<p>A cet \u00e9gard, la politique du Maroc envers l\u2019Espagne a toujours \u00e9t\u00e9 limpide. Lors de la crise catalane, le Maroc n\u2019a pas choisi la neutralit\u00e9 ; il a \u00e9t\u00e9 parmi les tout premiers \u00e0 se ranger sans ambages, et de mani\u00e8re claire et forte, du c\u00f4t\u00e9 de l\u2019int\u00e9grit\u00e9 territoriale et de l\u2019unit\u00e9 nationale de son voisin du Nord.<\/p>\n<p>La question est l\u00e9gitime : qu\u2019aurait \u00e9t\u00e9 la r\u00e9action de l\u2019Espagne si une figure du s\u00e9paratisme espagnol avait \u00e9t\u00e9 re\u00e7ue au sein du Palais Royal Marocain ? Qu\u2019aurait \u00e9t\u00e9 la r\u00e9action de l\u2019Espagne si cette figure avait \u00e9tait re\u00e7ue publiquement et officiellement par son alli\u00e9 strat\u00e9gique, son partenaire commercial important, et son plus proche voisin du Sud ? \u00bb, lit-on dans la D\u00e9claration.<\/p>\n<p>Dans cette grave crise maroco-espagnole, le Maroc a toujours fait une distinction claire entre, d\u2019un c\u00f4t\u00e9, la population espagnole et certains leaders politiques clairvoyants qui tiennent \u00e0 l\u2019amiti\u00e9 avec le Maroc et au bon voisinage, et de l\u2019autre, certains milieux politiques, gouvernementaux, m\u00e9diatiques et de la soci\u00e9t\u00e9 civile qui cherchent \u00e0 instrumentaliser le Sahara Marocain et \u00e0 nuire aux int\u00e9r\u00eats du Maroc, rappelle le minist\u00e8re.<\/p>\n<\/div>\n<p>Auteur: APA News<br \/>\n<a href=\"https:\/\/www.journalducameroun.com\/le-fond-de-la-crise-maroco-espagnole-est-une-question-darriere-pensees-espagnoles-hostiles-au-sujet-du-sahara-mae\/\">Cliquez ici pour lire l&rsquo;article depuis sa source.<\/a><\/p>\n","protected":false},"excerpt":{"rendered":"<p>Publi\u00e9 le 31.05.2021 \u00e0 18h18 par APA News Le minist\u00e8re marocain des Affaires \u00e9trang\u00e8res consid\u00e8re que le fond de la crise entre Rabat et Madrid est une question d\u2019arri\u00e8re-pens\u00e9es espagnoles hostiles au sujet du Sahara, cause sacr\u00e9e de l\u2019ensemble du peuple marocain.\u00ab La crise n\u2019est pas li\u00e9e au cas d\u2019un homme (allusion au chef du [&hellip;]<\/p>\n","protected":false},"author":1965,"featured_media":0,"comment_status":"closed","ping_status":"closed","sticky":false,"template":"","format":"standard","meta":{"fifu_image_url":"","fifu_image_alt":"","footnotes":""},"categories":[73,82],"tags":[],"class_list":["post-117736","post","type-post","status-publish","format-standard","hentry","category-actualite","category-cameroun"],"_links":{"self":[{"href":"https:\/\/linitiative.ca\/International\/wp-json\/wp\/v2\/posts\/117736","targetHints":{"allow":["GET"]}}],"collection":[{"href":"https:\/\/linitiative.ca\/International\/wp-json\/wp\/v2\/posts"}],"about":[{"href":"https:\/\/linitiative.ca\/International\/wp-json\/wp\/v2\/types\/post"}],"author":[{"embeddable":true,"href":"https:\/\/linitiative.ca\/International\/wp-json\/wp\/v2\/users\/1965"}],"replies":[{"embeddable":true,"href":"https:\/\/linitiative.ca\/International\/wp-json\/wp\/v2\/comments?post=117736"}],"version-history":[{"count":0,"href":"https:\/\/linitiative.ca\/International\/wp-json\/wp\/v2\/posts\/117736\/revisions"}],"wp:attachment":[{"href":"https:\/\/linitiative.ca\/International\/wp-json\/wp\/v2\/media?parent=117736"}],"wp:term":[{"taxonomy":"category","embeddable":true,"href":"https:\/\/linitiative.ca\/International\/wp-json\/wp\/v2\/categories?post=117736"},{"taxonomy":"post_tag","embeddable":true,"href":"https:\/\/linitiative.ca\/International\/wp-json\/wp\/v2\/tags?post=117736"}],"curies":[{"name":"wp","href":"https:\/\/api.w.org\/{rel}","templated":true}]}}