{"id":117737,"date":"2021-05-31T14:18:01","date_gmt":"2021-05-31T18:18:01","guid":{"rendered":"https:\/\/linitiative.ca\/International\/mali-la-france-lie-son-engagement-au-respect-de-la-transition\/"},"modified":"2021-05-31T14:18:01","modified_gmt":"2021-05-31T18:18:01","slug":"mali-la-france-lie-son-engagement-au-respect-de-la-transition","status":"publish","type":"post","link":"https:\/\/linitiative.ca\/International\/mali-la-france-lie-son-engagement-au-respect-de-la-transition\/","title":{"rendered":"Mali : la France lie son engagement au respect de la transition"},"content":{"rendered":"<div readability=\"32\">\n<p>Publi\u00e9 le 31.05.2021 \u00e0 19h18 par APA News<\/p>\n<\/div>\n<div readability=\"59\">\n<p>Jean-Yves Le Drian, ministre fran\u00e7ais de l\u2019Europe et des Affaires \u00e9trang\u00e8res, a soutenu ce lundi que la tenue d\u2019une \u00e9lection pr\u00e9sidentielle, le 27 f\u00e9vrier 2022, est une \u00ab priorit\u00e9 absolue \u00bb.De fait, la France reconna\u00eet le nouveau statut du colonel Assimi Go\u00efta devenu pr\u00e9sident de la transition. Mais Paris \u00ab r\u00e9it\u00e8re sa ferme condamnation du coup d\u2019Etat ayant abouti \u00e0 la d\u00e9mission forc\u00e9e de Bah N\u2019Daw et de son Premier ministre, Moctar Ouane, le 26 mai dernier \u00bb.<\/p>\n<p>Dans la d\u00e9claration de Jean-Yves Le Drian, elle dit prendre acte de \u00ab la suspension du Mali des institutions \u00bb de la Communaut\u00e9 \u00e9conomique des Etats de l\u2019Afrique de l\u2019ouest (C\u00e9d\u00e9ao). Les chefs d\u2019Etat et de gouvernement de cette organisation r\u00e9gionale se sont r\u00e9unis, lors d\u2019un sommet extraordinaire, le 30 mai \u00e0 Accra (Ghana).<\/p>\n<p>A travers son ministre des Affaires \u00e9trang\u00e8res, la France a indiqu\u00e9 que le prochain scrutin pr\u00e9sidentiel doit avoir lieu \u00ab dans les conditions strictes \u00bb \u00e9nonc\u00e9es par la C\u00e9d\u00e9ao et contenues dans le communiqu\u00e9 final sanctionnant la rencontre.<\/p>\n<p>Pour l\u2019atteinte de cet objectif, elle s\u2019est engag\u00e9e \u00e0 appuyer \u00ab la mise en place par la C\u00e9d\u00e9ao d\u2019un m\u00e9canisme de suivi du respect de la p\u00e9riode de transition \u00bb.<\/p>\n<\/div>\n<p>Auteur: APA News<br \/>\n<a href=\"https:\/\/www.journalducameroun.com\/mali-la-france-lie-son-engagement-au-respect-de-la-transition\/\">Cliquez ici pour lire l&rsquo;article depuis sa source.<\/a><\/p>\n","protected":false},"excerpt":{"rendered":"<p>Publi\u00e9 le 31.05.2021 \u00e0 19h18 par APA News Jean-Yves Le Drian, ministre fran\u00e7ais de l\u2019Europe et des Affaires \u00e9trang\u00e8res, a soutenu ce lundi que la tenue d\u2019une \u00e9lection pr\u00e9sidentielle, le 27 f\u00e9vrier 2022, est une \u00ab priorit\u00e9 absolue \u00bb.De fait, la France reconna\u00eet le nouveau statut du colonel Assimi Go\u00efta devenu pr\u00e9sident de la transition. [&hellip;]<\/p>\n","protected":false},"author":1965,"featured_media":0,"comment_status":"closed","ping_status":"closed","sticky":false,"template":"","format":"standard","meta":{"fifu_image_url":"","fifu_image_alt":"","footnotes":""},"categories":[73,82],"tags":[],"class_list":["post-117737","post","type-post","status-publish","format-standard","hentry","category-actualite","category-cameroun"],"_links":{"self":[{"href":"https:\/\/linitiative.ca\/International\/wp-json\/wp\/v2\/posts\/117737","targetHints":{"allow":["GET"]}}],"collection":[{"href":"https:\/\/linitiative.ca\/International\/wp-json\/wp\/v2\/posts"}],"about":[{"href":"https:\/\/linitiative.ca\/International\/wp-json\/wp\/v2\/types\/post"}],"author":[{"embeddable":true,"href":"https:\/\/linitiative.ca\/International\/wp-json\/wp\/v2\/users\/1965"}],"replies":[{"embeddable":true,"href":"https:\/\/linitiative.ca\/International\/wp-json\/wp\/v2\/comments?post=117737"}],"version-history":[{"count":0,"href":"https:\/\/linitiative.ca\/International\/wp-json\/wp\/v2\/posts\/117737\/revisions"}],"wp:attachment":[{"href":"https:\/\/linitiative.ca\/International\/wp-json\/wp\/v2\/media?parent=117737"}],"wp:term":[{"taxonomy":"category","embeddable":true,"href":"https:\/\/linitiative.ca\/International\/wp-json\/wp\/v2\/categories?post=117737"},{"taxonomy":"post_tag","embeddable":true,"href":"https:\/\/linitiative.ca\/International\/wp-json\/wp\/v2\/tags?post=117737"}],"curies":[{"name":"wp","href":"https:\/\/api.w.org\/{rel}","templated":true}]}}