{"id":117738,"date":"2021-05-31T16:18:02","date_gmt":"2021-05-31T20:18:02","guid":{"rendered":"https:\/\/linitiative.ca\/International\/maroc-lancement-dune-campagne-de-sensibilisation-aux-mefaits-du-tabagisme\/"},"modified":"2021-05-31T16:18:02","modified_gmt":"2021-05-31T20:18:02","slug":"maroc-lancement-dune-campagne-de-sensibilisation-aux-mefaits-du-tabagisme","status":"publish","type":"post","link":"https:\/\/linitiative.ca\/International\/maroc-lancement-dune-campagne-de-sensibilisation-aux-mefaits-du-tabagisme\/","title":{"rendered":"Maroc : lancement d\u2019une campagne de sensibilisation aux m\u00e9faits du tabagisme"},"content":{"rendered":"<div readability=\"32\">\n<p>Publi\u00e9 le 31.05.2021 \u00e0 21h18 par APA News<\/p>\n<\/div>\n<div readability=\"72\">\n<p>A l\u2019instar des autres pays, le Maroc c\u00e9l\u00e8bre la Journ\u00e9e mondiale Sans Tabac, plac\u00e9e cette ann\u00e9e sous le th\u00e8me \u00ab s\u2019engager \u00e0 arr\u00eater de fumer pendant la Covid-19 \u00bb, et ce en totale synergie avec la large campagne mondiale lanc\u00e9e par l\u2019OMS depuis le 8 d\u00e9cembre 2020.A cette occasion, le minist\u00e8re marocain de la Sant\u00e9 lance, du 31 mai au 30 juin 2021, une campagne nationale, dans le but de sensibiliser la population sur les dangers du tabagisme et les avantages du sevrage tabagique, en particulier pendant la pand\u00e9mie de la COVID-19, indique lundi un communiqu\u00e9 du D\u00e9partement de la Sant\u00e9.<\/p>\n<p>Dans ce cadre \u00e9galement, le minist\u00e8re fait de toutes ses structures de soins et ses structures administratives, des espaces sans tabac, et ce en vue de renforcer la lutte contre ce fl\u00e9au.<\/p>\n<p>A noter que l\u2019arr\u00eat du tabac est tr\u00e8s b\u00e9n\u00e9fique pour la sante\u0301 m\u00eame apr\u00e8s l\u2019apparition de pathologies qui lui sont li\u00e9es. Ce b\u00e9n\u00e9fice est d\u2019autant plus grand que l\u2019arr\u00eat est plus pr\u00e9coce, insiste le minist\u00e8re.<\/p>\n<p>En effet, le tabagisme constitue un v\u00e9ritable probl\u00e8me de sant\u00e9 publique, c\u2019est la principale cause de d\u00e9c\u00e8s et de maladies \u00e9vitables. La pr\u00e9valence du tabagisme au Maroc est de 13.4% chez les adultes \u00e2g\u00e9s de plus de 18 ans, dont 26.9% des hommes et 0,4% des femmes.<\/p>\n<p>Chez les \u00e9l\u00e8ves \u00e2g\u00e9s de 13 \u00e0 15 ans, la pr\u00e9valence du tabagisme est de 6% et environ 35.6% de la population est expos\u00e9e au tabagisme passif dans les lieux publics et professionnels.<\/p>\n<p>Dans le monde, la consommation du tabac tue environ 8 millions de personnes par an dont environ 1,2 millions sont des individus expos\u00e9s au tabagisme passif.<\/p>\n<\/div>\n<p>Auteur: APA News<br \/>\n<a href=\"https:\/\/www.journalducameroun.com\/maroc-lancement-dune-campagne-de-sensibilisation-aux-mefaits-du-tabagisme\/\">Cliquez ici pour lire l&rsquo;article depuis sa source.<\/a><\/p>\n","protected":false},"excerpt":{"rendered":"<p>Publi\u00e9 le 31.05.2021 \u00e0 21h18 par APA News A l\u2019instar des autres pays, le Maroc c\u00e9l\u00e8bre la Journ\u00e9e mondiale Sans Tabac, plac\u00e9e cette ann\u00e9e sous le th\u00e8me \u00ab s\u2019engager \u00e0 arr\u00eater de fumer pendant la Covid-19 \u00bb, et ce en totale synergie avec la large campagne mondiale lanc\u00e9e par l\u2019OMS depuis le 8 d\u00e9cembre 2020.A [&hellip;]<\/p>\n","protected":false},"author":1965,"featured_media":0,"comment_status":"closed","ping_status":"closed","sticky":false,"template":"","format":"standard","meta":{"fifu_image_url":"","fifu_image_alt":"","footnotes":""},"categories":[73,82],"tags":[],"class_list":["post-117738","post","type-post","status-publish","format-standard","hentry","category-actualite","category-cameroun"],"_links":{"self":[{"href":"https:\/\/linitiative.ca\/International\/wp-json\/wp\/v2\/posts\/117738","targetHints":{"allow":["GET"]}}],"collection":[{"href":"https:\/\/linitiative.ca\/International\/wp-json\/wp\/v2\/posts"}],"about":[{"href":"https:\/\/linitiative.ca\/International\/wp-json\/wp\/v2\/types\/post"}],"author":[{"embeddable":true,"href":"https:\/\/linitiative.ca\/International\/wp-json\/wp\/v2\/users\/1965"}],"replies":[{"embeddable":true,"href":"https:\/\/linitiative.ca\/International\/wp-json\/wp\/v2\/comments?post=117738"}],"version-history":[{"count":0,"href":"https:\/\/linitiative.ca\/International\/wp-json\/wp\/v2\/posts\/117738\/revisions"}],"wp:attachment":[{"href":"https:\/\/linitiative.ca\/International\/wp-json\/wp\/v2\/media?parent=117738"}],"wp:term":[{"taxonomy":"category","embeddable":true,"href":"https:\/\/linitiative.ca\/International\/wp-json\/wp\/v2\/categories?post=117738"},{"taxonomy":"post_tag","embeddable":true,"href":"https:\/\/linitiative.ca\/International\/wp-json\/wp\/v2\/tags?post=117738"}],"curies":[{"name":"wp","href":"https:\/\/api.w.org\/{rel}","templated":true}]}}