{"id":117739,"date":"2021-05-31T16:18:03","date_gmt":"2021-05-31T20:18:03","guid":{"rendered":"https:\/\/linitiative.ca\/International\/gbagbo-de-retour-en-cote-divoire-le-17-juin-2021\/"},"modified":"2021-05-31T16:18:03","modified_gmt":"2021-05-31T20:18:03","slug":"gbagbo-de-retour-en-cote-divoire-le-17-juin-2021","status":"publish","type":"post","link":"https:\/\/linitiative.ca\/International\/gbagbo-de-retour-en-cote-divoire-le-17-juin-2021\/","title":{"rendered":"Gbagbo de retour en C\u00f4te d\u2019Ivoire le 17 juin 2021"},"content":{"rendered":"<div readability=\"32\">\n<p>Publi\u00e9 le 31.05.2021 \u00e0 21h18 par APA News<\/p>\n<\/div>\n<div readability=\"58\">\n<p>Assoa Adou, secr\u00e9taire g\u00e9n\u00e9ral d\u2019une frange du Front populaire ivoirien (FPI), a annonc\u00e9 lundi \u00e0 Abidjan le retour en C\u00f4te d\u2019Ivoire de Laurent Gbagbo pour le 17 juin 2021, \u00e0 l\u2019occasion d\u2019une c\u00e9r\u00e9monie de c\u00e9l\u00e9bration du 76e anniversaire de l\u2019ex-pr\u00e9sident.<\/p>\n<p>\u00ab\u00a0A toute la Nation ivoirienne, \u00e0 tous les Africains, aux d\u00e9mocrates Europ\u00e9ens, Am\u00e9ricains, \u00e0 tous ceux qui nous ont soutenu, sa date d\u2019arriv\u00e9e en C\u00f4te d\u2019Ivoire est le 17 juin 2021\u00a0\u00bb, a d\u00e9clar\u00e9 M. Assoa Adou.<\/p>\n<p>Le chef de l\u2019Etat Alassane Ouattara avait rassur\u00e9 que M. Gbagbo, acquitt\u00e9 par la Cour p\u00e9nale internationale (CPI) dans l\u2019affaire de crimes contre l\u2019humanit\u00e9 perp\u00e9tr\u00e9s lors des violences post\u00e9lectorales de 2010-2011, pouvait rentrer dans son pays.<\/p>\n<p>L\u2019acquittement d\u00e9finitif de M. Gbagbo et son co-accus\u00e9 Charles Bl\u00e9 Goud\u00e9 a \u00e9t\u00e9 prononc\u00e9 par la Chambre d\u2019appel de la CPI, le 31 mars 2021. Leur retour au pays devrait marquer un pas vers la r\u00e9conciliation et la paix en C\u00f4te d\u2019Ivoire. \u00a0<\/p>\n<\/div>\n<p>Auteur: APA News<br \/>\n<a href=\"https:\/\/www.journalducameroun.com\/gbagbo-de-retour-en-cote-divoire-le-17-juin-2021\/\">Cliquez ici pour lire l&rsquo;article depuis sa source.<\/a><\/p>\n","protected":false},"excerpt":{"rendered":"<p>Publi\u00e9 le 31.05.2021 \u00e0 21h18 par APA News Assoa Adou, secr\u00e9taire g\u00e9n\u00e9ral d\u2019une frange du Front populaire ivoirien (FPI), a annonc\u00e9 lundi \u00e0 Abidjan le retour en C\u00f4te d\u2019Ivoire de Laurent Gbagbo pour le 17 juin 2021, \u00e0 l\u2019occasion d\u2019une c\u00e9r\u00e9monie de c\u00e9l\u00e9bration du 76e anniversaire de l\u2019ex-pr\u00e9sident. \u00ab\u00a0A toute la Nation ivoirienne, \u00e0 tous [&hellip;]<\/p>\n","protected":false},"author":1965,"featured_media":0,"comment_status":"closed","ping_status":"closed","sticky":false,"template":"","format":"standard","meta":{"fifu_image_url":"","fifu_image_alt":"","footnotes":""},"categories":[73,82],"tags":[],"class_list":["post-117739","post","type-post","status-publish","format-standard","hentry","category-actualite","category-cameroun"],"_links":{"self":[{"href":"https:\/\/linitiative.ca\/International\/wp-json\/wp\/v2\/posts\/117739","targetHints":{"allow":["GET"]}}],"collection":[{"href":"https:\/\/linitiative.ca\/International\/wp-json\/wp\/v2\/posts"}],"about":[{"href":"https:\/\/linitiative.ca\/International\/wp-json\/wp\/v2\/types\/post"}],"author":[{"embeddable":true,"href":"https:\/\/linitiative.ca\/International\/wp-json\/wp\/v2\/users\/1965"}],"replies":[{"embeddable":true,"href":"https:\/\/linitiative.ca\/International\/wp-json\/wp\/v2\/comments?post=117739"}],"version-history":[{"count":0,"href":"https:\/\/linitiative.ca\/International\/wp-json\/wp\/v2\/posts\/117739\/revisions"}],"wp:attachment":[{"href":"https:\/\/linitiative.ca\/International\/wp-json\/wp\/v2\/media?parent=117739"}],"wp:term":[{"taxonomy":"category","embeddable":true,"href":"https:\/\/linitiative.ca\/International\/wp-json\/wp\/v2\/categories?post=117739"},{"taxonomy":"post_tag","embeddable":true,"href":"https:\/\/linitiative.ca\/International\/wp-json\/wp\/v2\/tags?post=117739"}],"curies":[{"name":"wp","href":"https:\/\/api.w.org\/{rel}","templated":true}]}}