{"id":117740,"date":"2021-05-31T08:29:05","date_gmt":"2021-05-31T12:29:05","guid":{"rendered":"https:\/\/linitiative.ca\/International\/le-groupe-francais-total-se-reinvente-en-totalenergies-se\/"},"modified":"2021-05-31T08:29:05","modified_gmt":"2021-05-31T12:29:05","slug":"le-groupe-francais-total-se-reinvente-en-totalenergies-se","status":"publish","type":"post","link":"https:\/\/linitiative.ca\/International\/le-groupe-francais-total-se-reinvente-en-totalenergies-se\/","title":{"rendered":"Le groupe fran\u00e7ais Total se r\u00e9invente en TotalEnergies SE"},"content":{"rendered":"<p>Ce qui n\u2019\u00e9tait qu\u2019un projet, est devenu une r\u00e9alit\u00e9. De nouvelles\u00a0couleurs ainsi qu\u2019un nouveau logo, caract\u00e9risent dor\u00e9navant le groupe Total qui porte d\u00e9sormais le nom de \u00ab\u00a0TotalEnergies SE\u00a0\u00bb. L\u2019assembl\u00e9e g\u00e9n\u00e9rale mixte des actionnaires de TotalEnergies SE s\u2019est r\u00e9unie le 28 mai 2021, sous la pr\u00e9sidence de Patrick Pouyann\u00e9, son Pr\u00e9sident directeur g\u00e9n\u00e9ral (PDG). L\u2019occasion a \u00e9t\u00e9 donn\u00e9 au PDG de faire le point sur la mise en \u0153uvre de la strat\u00e9gie de transformation de la Soci\u00e9t\u00e9, la politique en mati\u00e8re de responsabilit\u00e9 sociale et environnementale et ainsi que la politique de retour \u00e0 l\u2019actionnaire. Au sortir de cette rencontre, les actionnaires ont adopt\u00e9 l\u2019ensemble des r\u00e9solutions pr\u00e9sent\u00e9es par le conseil d\u2019administration.<\/p>\n<p><strong>Lire aussi<\/strong> : <strong><a href=\"https:\/\/ecomatin.net\/produits-petroliers-total-cameroun-ferme-des-stations-service\/\">Produits p\u00e9troliers : Total Cameroun ferme des stations-service<\/a><\/strong><\/p>\n<p>Pour ce qui est de la strat\u00e9gie de transformation de l\u2019entreprise en un holding multi-\u00e9nergies, l\u2019assembl\u00e9e g\u00e9n\u00e9rale a adopt\u00e9 \u00e0 une quasi-unanimit\u00e9 la nouvelle d\u00e9nomination TotalEnergies SE de la Soci\u00e9t\u00e9, qui ancre la strat\u00e9gie dans son nom m\u00eame. Ainsi donc, l\u2019assembl\u00e9e g\u00e9n\u00e9rale a \u00e9mis un avis favorable sur l\u2019ambition de l\u2019entreprise fran\u00e7aise, \u00a0en mati\u00e8re de d\u00e9veloppement durable et de transition \u00e9nerg\u00e9tique vers la neutralit\u00e9 carbone et ses objectifs en la mati\u00e8re \u00e0 l\u2019horizon 2030.\u00a0\u00ab\u00a0Les actionnaires ont vot\u00e9 \u00e0 une tr\u00e8s large majorit\u00e9 en faveur de cette r\u00e9solution parce qu\u2019ils per\u00e7oivent le v\u00e9ritable processus de transformation dans laquelle la compagnie est engag\u00e9e et ils ont fait de ce vote un soutien \u00e0 cette strat\u00e9gie audacieuse et exigeante\u00a0\u00bb, pr\u00e9cise l\u2019entreprise.<\/p>\n<p><strong>Lire aussi<\/strong> : <strong><a href=\"https:\/\/ecomatin.net\/hydrocarbures-cotoc-s-a-acquiert-10-nouveauxx-wagons-petroliers\/\">Hydrocarbures : Cotoc S.A. acquiert 10 nouveaux wagons p\u00e9troliers<\/a><\/strong><\/p>\n<p>C\u2019est avec plus de 90% des voix exprim\u00e9es, que le choix de transformation\u00a0 s\u2019est op\u00e9r\u00e9, confortant ainsi la strat\u00e9gie propos\u00e9e par le conseil d\u2019administration.\u00a0\u00ab\u00a0Je voudrais remercier nos actionnaires pour le soutien quasi-unanime apport\u00e9 \u00e0 notre nouvelle d\u00e9nomination, TotalEnergies, ancrant ainsi notre strat\u00e9gie dans notre identit\u00e9 et pour leur soutien \u00e0 une tr\u00e8s large majorit\u00e9, \u00e0 plus de 90%, \u00e0 la r\u00e9solution sur l\u2019ambition de la soci\u00e9t\u00e9 en mati\u00e8re de d\u00e9veloppement durable et de transition \u00e9nerg\u00e9tique vers la neutralit\u00e9 carbone et ses objectifs en \u00e0 la mati\u00e8re \u00e0 l\u2019horizon 2030\u00a0\u00bb, se satisfait\u00a0 Patrick Pouyann\u00e9 PDG de TotalEnergies SE reconduit \u00e0 son poste pour un nouveau mandat, \u00e0 l\u2019issue de l\u2019assembl\u00e9e g\u00e9n\u00e9rale.<\/p>\n<p><strong>Lire aussi<\/strong> : <strong><a href=\"https:\/\/ecomatin.net\/hydrocarbures-camrail-a-transporte-832-000-m3-de-produits-petroliers-en-2019\/\">Hydrocarbures : Camrail a transport\u00e9 832.000 m3 de produits p\u00e9troliers en 2019<\/a><\/strong><\/p>\n<p>Il convient de relever que TotalEnergies est une compagnie multi-\u00e9nergies mondiale de production et de fourniture d\u2019\u00e9nergies : p\u00e9trole et biocarburants, gaz naturel et gaz verts, renouvelables et \u00e9lectricit\u00e9. Ses 105 000 collaborateurs s\u2019engagent pour une \u00e9nergie toujours plus abordable, propre, fiable et accessible au plus grand nombre. Pr\u00e9sent dans plus de 130 pays, TotalEnergies inscrit le d\u00e9veloppement durable dans toutes ses dimensions au c\u0153ur de ses projets et op\u00e9rations pour contribuer au bien-\u00eatre des populations.<\/p>\n<p>Auteur: Amina MALLOUM<br \/>\n<a href=\"https:\/\/ecomatin.net\/le-groupe-francais-total-se-reinvente-en-totalenergies-se\/\">Cliquez ici pour lire l&rsquo;article depuis sa source.<\/a><\/p>\n","protected":false},"excerpt":{"rendered":"<p>Ce qui n\u2019\u00e9tait qu\u2019un projet, est devenu une r\u00e9alit\u00e9. De nouvelles\u00a0couleurs ainsi qu\u2019un nouveau logo, caract\u00e9risent dor\u00e9navant le groupe Total qui porte d\u00e9sormais le nom de \u00ab\u00a0TotalEnergies SE\u00a0\u00bb. L\u2019assembl\u00e9e g\u00e9n\u00e9rale mixte des actionnaires de TotalEnergies SE s\u2019est r\u00e9unie le 28 mai 2021, sous la pr\u00e9sidence de Patrick Pouyann\u00e9, son Pr\u00e9sident directeur g\u00e9n\u00e9ral (PDG). L\u2019occasion a [&hellip;]<\/p>\n","protected":false},"author":1969,"featured_media":0,"comment_status":"closed","ping_status":"closed","sticky":false,"template":"","format":"standard","meta":{"fifu_image_url":"","fifu_image_alt":"","footnotes":""},"categories":[82,78],"tags":[],"class_list":["post-117740","post","type-post","status-publish","format-standard","hentry","category-cameroun","category-economie"],"_links":{"self":[{"href":"https:\/\/linitiative.ca\/International\/wp-json\/wp\/v2\/posts\/117740","targetHints":{"allow":["GET"]}}],"collection":[{"href":"https:\/\/linitiative.ca\/International\/wp-json\/wp\/v2\/posts"}],"about":[{"href":"https:\/\/linitiative.ca\/International\/wp-json\/wp\/v2\/types\/post"}],"author":[{"embeddable":true,"href":"https:\/\/linitiative.ca\/International\/wp-json\/wp\/v2\/users\/1969"}],"replies":[{"embeddable":true,"href":"https:\/\/linitiative.ca\/International\/wp-json\/wp\/v2\/comments?post=117740"}],"version-history":[{"count":0,"href":"https:\/\/linitiative.ca\/International\/wp-json\/wp\/v2\/posts\/117740\/revisions"}],"wp:attachment":[{"href":"https:\/\/linitiative.ca\/International\/wp-json\/wp\/v2\/media?parent=117740"}],"wp:term":[{"taxonomy":"category","embeddable":true,"href":"https:\/\/linitiative.ca\/International\/wp-json\/wp\/v2\/categories?post=117740"},{"taxonomy":"post_tag","embeddable":true,"href":"https:\/\/linitiative.ca\/International\/wp-json\/wp\/v2\/tags?post=117740"}],"curies":[{"name":"wp","href":"https:\/\/api.w.org\/{rel}","templated":true}]}}