{"id":117741,"date":"2021-05-31T09:07:06","date_gmt":"2021-05-31T13:07:06","guid":{"rendered":"https:\/\/linitiative.ca\/International\/collectivites-territoriales-le-feicom-a-finance-des-projets-pour-26773-milliards-en-2020\/"},"modified":"2021-05-31T09:07:06","modified_gmt":"2021-05-31T13:07:06","slug":"collectivites-territoriales-le-feicom-a-finance-des-projets-pour-26773-milliards-en-2020","status":"publish","type":"post","link":"https:\/\/linitiative.ca\/International\/collectivites-territoriales-le-feicom-a-finance-des-projets-pour-26773-milliards-en-2020\/","title":{"rendered":"Collectivit\u00e9s territoriales : le Feicom a financ\u00e9 des projets pour 26,773 milliards en 2020"},"content":{"rendered":"<p>Le vendredi 28 mai s\u2019est tenue la 38e session ordinaire du conseil d\u2019administration du Fonds sp\u00e9cial d\u2019\u00e9quipement et d\u2019intervention (Feicom). Les travaux \u00e9taient organis\u00e9s sous la pr\u00e9sidence du ministre de la D\u00e9centralisation et du d\u00e9veloppement local, Georges Elanga Obam et par ailleurs pr\u00e9sident dudit Conseil d\u2019administration. Il ressort donc de ceux-ci de mani\u00e8re g\u00e9n\u00e9rale que \u00ab\u00a0les comptes pr\u00e9sent\u00e9s, examin\u00e9s et arr\u00eat\u00e9s par le Conseil se caract\u00e9risent par une maitrise des charges d\u2019exploitation, avec un niveau de consommation des cr\u00e9dits de 86,54%\u00a0\u00bb, renseigne le communiqu\u00e9 rendu public \u00e0 cet effet par le Feicom. Dans les d\u00e9tails, le m\u00eame communiqu\u00e9 ressort qu\u2019au terme de l\u2019ann\u00e9e 2020, la mobilisation des ressources s\u2019est chiffr\u00e9e \u00e0 210,924 milliards de Fcfa, sur des pr\u00e9visions initiales de 175,675 milliards de Fcfa, soit un taux de 120,07% en valeur relative par rapports aux objectifs fix\u00e9s. Par rapport \u00e0 l\u2019ann\u00e9e 2019 o\u00f9 la mobilisation de ces ressources affichait 178,516 milliards de Fcfa, on observe une hausse en valeur absolue de 32,408 milliards de Fcfa soit 18,15% en valeur relative.<\/p>\n<p><strong>Lire aussi<\/strong> : <strong><a href=\"https:\/\/ecomatin.net\/developpement-local-le-feicom-octroie-14633-milliardss-de-f-aux-ctd-du-sud-ouest-en-9-ans\/\">D\u00e9veloppement local: le Feicom octroie 14,633 milliards de F aux CTD du Sud-Ouest en 9 ans<\/a><\/strong><\/p>\n<p>Les ressources de p\u00e9r\u00e9quation revers\u00e9es aux Communes et aux Communaut\u00e9s urbaines se chiffrent quant \u00e0 elles \u00e0 108,678 milliards de Fcfa en 2020, contre 84,998 milliards de Fcfa en 2019. Soit une hausse de 23,680 milliards de Fcfa en valeur absolue et 27,89% en valeur relative.<\/p>\n<p>L\u2019autre point \u00e0 l\u2019ordre du jour dans la pr\u00e9sentation du bilan financier de l\u2019exercice 2020, est le financement des investissements communaux. Sur ce point \u00ab\u00a0le conseil a appr\u00e9ci\u00e9 l\u2019\u00e9volution de la consommation du budget y aff\u00e9rent, qui est en augmentation de 382,190 millions de Fcfa, par rapport \u00e0 l\u2019exercice 2019. Il a par ailleurs not\u00e9 que 136 financements d\u2019un montant total de 26\u00a0773\u00a0033\u00a0267 Fcfa ont \u00e9t\u00e9 accord\u00e9 \u00e0 105 Communes et Communaut\u00e9s urbaines\u00a0\u00bb, renseigne le communiqu\u00e9.<\/p>\n<p><strong>Lire aussi<\/strong> : <strong><a href=\"https:\/\/ecomatin.net\/developpement-local-le-feicom-accorde-pres-dun-milliard-de-f-a-la-commune-de-foumban\/\">D\u00e9veloppement local : le Feicom accorde pr\u00e8s d\u2019un milliard de F \u00e0 la commune de Foumban<\/a><\/strong><\/p>\n<p>Indiquons que les travaux du jour \u00e9taient le lieu pour l\u2019examen des comptes (administratif, de gestion et de gestion-mati\u00e8re), du rapport du contr\u00f4leur financier et du rapport de performance de l\u2019exercice 2020. Le Directeur g\u00e9n\u00e9ral du Feicom, Phillipe Camille Akoa, qui rapportait les affaires inscrites \u00e0 l\u2019ordre du jour, a re\u00e7u les f\u00e9licitations du Conseil d\u2019administration. Ceci \u00ab\u00a0pour la qualit\u00e9 des documents pr\u00e9sent\u00e9s, les bons r\u00e9sultats obtenus, les tendances positives observ\u00e9es dans la mobilisation des ressources au 30 avril, et la bonne marche de l\u2019entreprise en d\u00e9pit de la conjoncture difficile, due \u00e0 la pand\u00e9mie \u00e0 Coronavirus\u00a0\u00bb, ajoute le document.<\/p>\n<p><strong>Lire aussi<\/strong> : <strong><a href=\"https:\/\/ecomatin.net\/le-feicom-octroie-4638-millions-pour-la-construction-dinfrastructures-educatives-a-foumban\/\">Le Feicom octroie 463,8 millions pour la construction d\u2019infrastructures \u00e9ducatives \u00e0 Foumban<\/a><\/strong><\/p>\n<p>Auteur: Cindy MBALA<br \/>\n<a href=\"https:\/\/ecomatin.net\/collectivites-territoriales-le-feicom-a-finance-des-projets-pour-26773-milliards-en-2020\/\">Cliquez ici pour lire l&rsquo;article depuis sa source.<\/a><\/p>\n","protected":false},"excerpt":{"rendered":"<p>Le vendredi 28 mai s\u2019est tenue la 38e session ordinaire du conseil d\u2019administration du Fonds sp\u00e9cial d\u2019\u00e9quipement et d\u2019intervention (Feicom). Les travaux \u00e9taient organis\u00e9s sous la pr\u00e9sidence du ministre de la D\u00e9centralisation et du d\u00e9veloppement local, Georges Elanga Obam et par ailleurs pr\u00e9sident dudit Conseil d\u2019administration. Il ressort donc de ceux-ci de mani\u00e8re g\u00e9n\u00e9rale que [&hellip;]<\/p>\n","protected":false},"author":1969,"featured_media":0,"comment_status":"closed","ping_status":"closed","sticky":false,"template":"","format":"standard","meta":{"fifu_image_url":"","fifu_image_alt":"","footnotes":""},"categories":[82,78],"tags":[],"class_list":["post-117741","post","type-post","status-publish","format-standard","hentry","category-cameroun","category-economie"],"_links":{"self":[{"href":"https:\/\/linitiative.ca\/International\/wp-json\/wp\/v2\/posts\/117741","targetHints":{"allow":["GET"]}}],"collection":[{"href":"https:\/\/linitiative.ca\/International\/wp-json\/wp\/v2\/posts"}],"about":[{"href":"https:\/\/linitiative.ca\/International\/wp-json\/wp\/v2\/types\/post"}],"author":[{"embeddable":true,"href":"https:\/\/linitiative.ca\/International\/wp-json\/wp\/v2\/users\/1969"}],"replies":[{"embeddable":true,"href":"https:\/\/linitiative.ca\/International\/wp-json\/wp\/v2\/comments?post=117741"}],"version-history":[{"count":0,"href":"https:\/\/linitiative.ca\/International\/wp-json\/wp\/v2\/posts\/117741\/revisions"}],"wp:attachment":[{"href":"https:\/\/linitiative.ca\/International\/wp-json\/wp\/v2\/media?parent=117741"}],"wp:term":[{"taxonomy":"category","embeddable":true,"href":"https:\/\/linitiative.ca\/International\/wp-json\/wp\/v2\/categories?post=117741"},{"taxonomy":"post_tag","embeddable":true,"href":"https:\/\/linitiative.ca\/International\/wp-json\/wp\/v2\/tags?post=117741"}],"curies":[{"name":"wp","href":"https:\/\/api.w.org\/{rel}","templated":true}]}}