{"id":117744,"date":"2021-05-31T11:52:13","date_gmt":"2021-05-31T15:52:13","guid":{"rendered":"https:\/\/linitiative.ca\/International\/gestion-du-fonds-covid-19-accuse-de-malversations-le-minresi-developpe-ses-arguments-de-defense\/"},"modified":"2021-05-31T11:52:13","modified_gmt":"2021-05-31T15:52:13","slug":"gestion-du-fonds-covid-19-accuse-de-malversations-le-minresi-developpe-ses-arguments-de-defense","status":"publish","type":"post","link":"https:\/\/linitiative.ca\/International\/gestion-du-fonds-covid-19-accuse-de-malversations-le-minresi-developpe-ses-arguments-de-defense\/","title":{"rendered":"Gestion du fonds Covid-19 : accus\u00e9 de malversations, le Minresi d\u00e9veloppe ses arguments de d\u00e9fense"},"content":{"rendered":"<p>Dans la premi\u00e8re partie du rapport d\u2019audit financier de la Chambre des comptes, relatif \u00e0 la gestion du fonds de solidarit\u00e9 sp\u00e9cial de lutte contre le Coronavirus, le minist\u00e8re de la Sant\u00e9 Publique et celui de la Recherche scientifique et de l\u2019innovation sont particuli\u00e8rement accus\u00e9s de malversations et de distraction des fonds mis \u00e0 leur disposition pour organiser la riposte sectorielle contre la pand\u00e9mie. Pour sa part, il est reproch\u00e9 au Minresi d\u2019avoir obtenu un d\u00e9caissement de 657 millions de F pour la production de la chloroquine et de l\u2019azithromycine, et d\u2019avoir annonc\u00e9 \u00e0 grand renfort de publicit\u00e9 qu\u2019il \u00e9tait capable, via un de ses d\u00e9membrements, l\u2019Institut de Recherches m\u00e9dicales et d\u2019\u00e9tudes de plantes m\u00e9dicinales (IMPM), de produire 5 millions de comprim\u00e9s d\u2019hydroxychloroquine. Mais qu\u2019apr\u00e8s enqu\u00eate, il s\u2019est av\u00e9r\u00e9 que cette enveloppe n\u2019a pas servi pour les besoins de la cause.<\/p>\n<p><strong>Lire aussi<\/strong> : <strong><a href=\"https:\/\/ecomatin.net\/gestion-des-fonds-covid-19-ce-quee-la-chambre-des-comptes-reproche-au-minsante-et-au-minresi\/\">Gestion des fonds covid-19 : ce que la chambre des comptes reproche au Minsant\u00e9 et au Minresi<\/a><\/strong><\/p>\n<p>Le rapport rel\u00e8ve que\u00a0: \u00ab\u00a0l\u2019IMPM n\u2019a pas lanc\u00e9 la fabrication locale mais a plut\u00f4t proc\u00e9d\u00e9 \u00e0 l\u2019acquisition en Inde de 5 millions de comprim\u00e9s d\u2019hydroxychloroquine, 500 000 comprim\u00e9s d\u2019azithromycine et 300\u00a0\u00a0kgs d\u2019intrants d\u2019azithromycine au 29 juillet 2020. Il a alors proc\u00e9d\u00e9 \u00e0 leur reconditionnement dans des emballages achet\u00e9s et imprim\u00e9s \u2018fabriqu\u00e9 par Zaneka, conditionn\u00e9 par l\u2019IMPM\u2019, alors m\u00eame que les m\u00e9dicaments \u00e9taient entr\u00e9s au Cameroun dans des emballages respectant les bonnes pratiques de fabrication et de conditionnement\u00a0\u00bb.<\/p>\n<p>La chambre des comptes indiquait par ailleurs que l\u2019achat des m\u00e9dicaments n\u2019est pas une comp\u00e9tence d\u00e9volue au plan national \u00e0 l\u2019IMPM, mais plut\u00f4t \u00e0 la Centrale nationale d\u2019approvisionnement en m\u00e9dicaments et consommables essentiels (Cename).<\/p>\n<p>Le Minresi ainsi mis au banc des accus\u00e9s, s\u2019est vu dans l\u2019obligation de r\u00e9agir. Dans une sortie \u00e9pistolaire dont EcoMatin a eu copie, ce d\u00e9partement minist\u00e9riel s\u2019en lave les mains et enfonce davantage l\u2019IMPM et son directeur, le Pr. Jean Louis Essame Oyono. Ayant re\u00e7u les assurances de ce dernier sur la capacit\u00e9 de la structure dont il a la charge de fabriquer localement l\u2019hydroxychloroquine et l\u2019azithromycine, le ministre Madeleine Tchuente a obtenu du chef de l\u2019Etat son \u00ab\u00a0tr\u00e8s haut accord\u00a0\u00bb pour la fabrication de ces produits, sans pour autant interf\u00e9rer dans le processus.<\/p>\n<p><strong>Lire aussi<\/strong> : <strong><a href=\"https:\/\/ecomatin.net\/le-consupe-va-auditer-la-gestion-des-180-milliards-du-fonds-special-covid-19\/\">Le Consupe va auditer la gestion des 180 milliards du Fonds sp\u00e9cial Covid-19<\/a><\/strong><\/p>\n<p>De plus, le Minresi indique qu\u2019il n\u2019a jamais \u00e9t\u00e9 m\u00eal\u00e9 dans la gestion des fonds allou\u00e9s \u00e0 ses diff\u00e9rentes structures op\u00e9rationnelles dans le cadre de la riposte. Il s\u2019agit, outre l\u2019IMPM, le Centre de Recherches sur les Maladies Emergentes et R\u00e9\u00e9mergentes (CREMER), et le Comit\u00e9 national de d\u00e9veloppement des Technologies (CNDT). \u00ab\u00a0Au demeurant, chacun des gestionnaires ci-dessus cit\u00e9s a re\u00e7u du Payeur Sp\u00e9cialis\u00e9 aupr\u00e8s du Minist\u00e8re de la Sant\u00e9, d\u00e9tenteur des fonds COVID-19 \u00e0 ce moment, une correspondance lui annon\u00e7ant la mise \u00e0 sa disposition de la somme \u00e0 lui affect\u00e9e. Ces lettres ont directement \u00e9t\u00e9 envoy\u00e9es \u00e0 chacun de ces gestionnaires, sans passer par le couvert de Madame le Ministre comme l\u2019exigeait la d\u00e9marche hi\u00e9rarchique\u00a0\u00bb, argumente le Minresi, qui mentionne que les trois structures ont conjointement g\u00e9r\u00e9 la somme de 1,012 milliard de F, aussi bien pour la fabrication de l\u2019hydroxychloroquine et de l\u2019azithromycine, que pour l\u2019achat des mat\u00e9riels de protection et l\u2019acquisition des tests de d\u00e9pistage.<\/p>\n<p>Auteur: Yannick KENNE<br \/>\n<a href=\"https:\/\/ecomatin.net\/gestion-du-fonds-covid-19-accuse-de-malversations-le-minresi-developpe-ses-arguments-de-defense\/\">Cliquez ici pour lire l&rsquo;article depuis sa source.<\/a><\/p>\n","protected":false},"excerpt":{"rendered":"<p>Dans la premi\u00e8re partie du rapport d\u2019audit financier de la Chambre des comptes, relatif \u00e0 la gestion du fonds de solidarit\u00e9 sp\u00e9cial de lutte contre le Coronavirus, le minist\u00e8re de la Sant\u00e9 Publique et celui de la Recherche scientifique et de l\u2019innovation sont particuli\u00e8rement accus\u00e9s de malversations et de distraction des fonds mis \u00e0 leur [&hellip;]<\/p>\n","protected":false},"author":1969,"featured_media":0,"comment_status":"closed","ping_status":"closed","sticky":false,"template":"","format":"standard","meta":{"fifu_image_url":"","fifu_image_alt":"","footnotes":""},"categories":[82,78],"tags":[],"class_list":["post-117744","post","type-post","status-publish","format-standard","hentry","category-cameroun","category-economie"],"_links":{"self":[{"href":"https:\/\/linitiative.ca\/International\/wp-json\/wp\/v2\/posts\/117744","targetHints":{"allow":["GET"]}}],"collection":[{"href":"https:\/\/linitiative.ca\/International\/wp-json\/wp\/v2\/posts"}],"about":[{"href":"https:\/\/linitiative.ca\/International\/wp-json\/wp\/v2\/types\/post"}],"author":[{"embeddable":true,"href":"https:\/\/linitiative.ca\/International\/wp-json\/wp\/v2\/users\/1969"}],"replies":[{"embeddable":true,"href":"https:\/\/linitiative.ca\/International\/wp-json\/wp\/v2\/comments?post=117744"}],"version-history":[{"count":0,"href":"https:\/\/linitiative.ca\/International\/wp-json\/wp\/v2\/posts\/117744\/revisions"}],"wp:attachment":[{"href":"https:\/\/linitiative.ca\/International\/wp-json\/wp\/v2\/media?parent=117744"}],"wp:term":[{"taxonomy":"category","embeddable":true,"href":"https:\/\/linitiative.ca\/International\/wp-json\/wp\/v2\/categories?post=117744"},{"taxonomy":"post_tag","embeddable":true,"href":"https:\/\/linitiative.ca\/International\/wp-json\/wp\/v2\/tags?post=117744"}],"curies":[{"name":"wp","href":"https:\/\/api.w.org\/{rel}","templated":true}]}}