{"id":117748,"date":"2021-06-01T11:15:21","date_gmt":"2021-06-01T15:15:21","guid":{"rendered":"https:\/\/linitiative.ca\/International\/une-nouvelle-convention-pour-accompagner-les-initiatives-entrepreneuriales-dans-le-souss\/"},"modified":"2021-06-01T11:15:21","modified_gmt":"2021-06-01T15:15:21","slug":"une-nouvelle-convention-pour-accompagner-les-initiatives-entrepreneuriales-dans-le-souss","status":"publish","type":"post","link":"https:\/\/linitiative.ca\/International\/une-nouvelle-convention-pour-accompagner-les-initiatives-entrepreneuriales-dans-le-souss\/","title":{"rendered":"Une nouvelle convention pour accompagner  les initiatives entrepreneuriales dans le Souss"},"content":{"rendered":"<figure class=\"post-thumbnail\" itemprop=\"associatedMedia\" itemscope=\"itemscope\" itemtype=\"http:\/\/schema.org\/ImageObject\"><img decoding=\"async\" class=\"post_layout_5_img\" src=\"http:\/\/aujourdhui.ma\/wp-content\/uploads\/2021\/06\/Une-nouvelle-convention-pour-accompagner-les-initiatives-entrepreneuriales-dans-le-Souss.jpg\" alt=\"Une nouvelle convention pour accompagner les initiatives entrepreneuriales dans le Souss\"\/><\/figure>\n<p><span class=\"c6\"><strong>Paraph\u00e9e par le CRI-SM, l\u2019Anapec, la FCE du Groupe BCP et la BP Centre-Sud<\/strong><\/span><span id=\"more-377899\"\/><\/p>\n<p>Une convention de partenariat ayant comme objectif la mise en place du programme int\u00e9gr\u00e9 d\u2019accompagnement d\u00e9nomm\u00e9 \u00abInti3ach\u00bb a \u00e9t\u00e9 scell\u00e9e lundi entre le Centre r\u00e9gional d\u2019investissement de la R\u00e9gion Souss-Massa (CRI-SM), l\u2019Agence nationale de promotion de l\u2019emploi et des comp\u00e9tences (Anapec), la Fondation cr\u00e9ation d\u2019entreprises (FCE), la Banque populaire r\u00e9gionale Centre Sud (BPR Centre Sud), et le minist\u00e8re du travail et de l\u2019insertion professionnelle.<br \/>Dans les d\u00e9tails, ce programme int\u00e9gr\u00e9 d\u2019accompagnement des porteurs de projets pouvant b\u00e9n\u00e9ficier d\u2019un financement Piafe vient pour promouvoir l\u2019esprit entrepreneurial dans la r\u00e9gion, \u00e0 travers l\u2019accompagnement et la formation des porteurs de projets durant l\u2019ensemble des phases du projet, depuis le cadrage de l\u2019id\u00e9e de d\u00e9part jusqu\u2019\u00e0 l\u2019aide au montage du dossier de financement, en passant par des formations autour de l\u2019entrepreneuriat, l\u2019aide au montage du business plan et l\u2019assistance aux d\u00e9marches de cr\u00e9ation d\u2019entreprises. L\u2019objectif fix\u00e9 est d\u2019accompagner 500 porteurs de projets \u00e0 l\u2019horizon 2021, financer 70% des projets accompagn\u00e9s via une d\u00e9clinaison pr\u00e9fectorale et provinciale et organiser des \u00e9v\u00e8nements autour de l\u2019entrepreneuriat au niveau de la r\u00e9gion.<\/p>\n<p>Le programme adopte une d\u00e9marche proactive s\u2019inscrivant parfaitement dans le cadre du Plan national de promotion de l\u2019emploi lanc\u00e9 par le minist\u00e8re du travail et de l\u2019insertion professionnelle en coordination avec les partenaires concern\u00e9s, et qui a r\u00e9serv\u00e9 un int\u00e9r\u00eat particulier \u00e0 l\u2019auto-emploi et l\u2019entrepreneuriat et \u00e0 la mise en place d\u2019\u00e9cosyst\u00e8mes r\u00e9gionaux de promotion de l\u2019entrepreneuriat avec l\u2019implication de toutes les composantes de la r\u00e9gion et ses acteurs territoriaux. A cet effet, et dans le cadre de la politique de proximit\u00e9 adopt\u00e9e, les acteurs d\u2019accompagnement vont \u00e0 la rencontre des porteurs de projets au niveau des diff\u00e9rentes pr\u00e9fectures et provinces de la R\u00e9gion, et ce \u00e0 travers la mise en place d\u2019actions promotionnelles communes, ainsi que l\u2019animation du milieu entrepreneurial.<\/p>\n<p>A cet effet, l\u2019Anapec mobilisera ses unit\u00e9s mobiles dans le cadre d\u2019une caravane de sensibilisation qui sillonnera les diff\u00e9rentes provinces de la r\u00e9gion, en commen\u00e7ant par Tata (Fam Zguid, Akka, Fam El Hisn) \u00e0 partir du 1er juin 2021. Apr\u00e8s l\u2019\u00e9tape de Tata, la caravane se rendra \u00e0 Tiznit (Tafraout, Anzi, Larbaa Sahel, Oujane et Tiznit), Chtouka Ait Baha (Massa, Biougra et Ait Baha), Taroudant (Ighrem, Taliouine, Ouled Berrhile et Ouled Taima) avant de finir la caravane au Grand Agadir (Temsia, Aourir, Imouzze et Drargua).<\/p>\n<p>Les parties de la convention mettront leurs expertises au profit des porteurs d\u2019id\u00e9es et porteurs de projets pour un accompagnement personnalis\u00e9 et \u00e0 grande valeur ajout\u00e9e. A cet effet, la synergie entre les parties prenantes permettra une meilleure inclusion financi\u00e8re des jeunes dans le cadre du financement Piafe, en plus de la promotion de l\u2019entrepreneuriat au niveau r\u00e9gional afin de stimuler et encourager l\u2019action d\u2019entreprendre.<\/p>\n<p>A noter que le Piafe a \u00e9t\u00e9 initi\u00e9 suite aux Hautes instructions de Sa Majest\u00e9 le Roi Mohammed VI pour accompagner les porteurs de projets, notamment dans le volet d\u2019appui et d\u2019accompagnement via une coordination d\u2019actions au niveau r\u00e9gional. Ainsi, le comit\u00e9 de suivi du projet \u00abInti3ach\u00bb veillera \u00e0 ce que les actions du programme soient appliqu\u00e9es en concordance avec le Piafe, au grand profit des jeunes porteurs de projets et des TPME qui constituent la grande majorit\u00e9 du tissu \u00e9conomique de la r\u00e9gion.<\/p>\n<p>Auteur: Mohamed Laabid<br \/>\n<a href=\"https:\/\/aujourdhui.ma\/actualite\/une-nouvelle-convention-pour-accompagner-les-initiatives-entrepreneuriales-dans-le-souss\">Cliquez ici pour lire l&rsquo;article depuis sa source.<\/a><\/p>\n","protected":false},"excerpt":{"rendered":"<p>Paraph\u00e9e par le CRI-SM, l\u2019Anapec, la FCE du Groupe BCP et la BP Centre-Sud Une convention de partenariat ayant comme objectif la mise en place du programme int\u00e9gr\u00e9 d\u2019accompagnement d\u00e9nomm\u00e9 \u00abInti3ach\u00bb a \u00e9t\u00e9 scell\u00e9e lundi entre le Centre r\u00e9gional d\u2019investissement de la R\u00e9gion Souss-Massa (CRI-SM), l\u2019Agence nationale de promotion de l\u2019emploi et des comp\u00e9tences (Anapec), [&hellip;]<\/p>\n","protected":false},"author":1759,"featured_media":0,"comment_status":"closed","ping_status":"closed","sticky":false,"template":"","format":"standard","meta":{"fifu_image_url":"http:\/\/aujourdhui.ma\/wp-content\/uploads\/2021\/06\/Une-nouvelle-convention-pour-accompagner-les-initiatives-entrepreneuriales-dans-le-Souss.jpg","fifu_image_alt":"Une nouvelle convention pour accompagner  les initiatives entrepreneuriales dans le Souss","footnotes":""},"categories":[73,54],"tags":[],"class_list":["post-117748","post","type-post","status-publish","format-standard","hentry","category-actualite","category-maroc"],"_links":{"self":[{"href":"https:\/\/linitiative.ca\/International\/wp-json\/wp\/v2\/posts\/117748","targetHints":{"allow":["GET"]}}],"collection":[{"href":"https:\/\/linitiative.ca\/International\/wp-json\/wp\/v2\/posts"}],"about":[{"href":"https:\/\/linitiative.ca\/International\/wp-json\/wp\/v2\/types\/post"}],"author":[{"embeddable":true,"href":"https:\/\/linitiative.ca\/International\/wp-json\/wp\/v2\/users\/1759"}],"replies":[{"embeddable":true,"href":"https:\/\/linitiative.ca\/International\/wp-json\/wp\/v2\/comments?post=117748"}],"version-history":[{"count":0,"href":"https:\/\/linitiative.ca\/International\/wp-json\/wp\/v2\/posts\/117748\/revisions"}],"wp:attachment":[{"href":"https:\/\/linitiative.ca\/International\/wp-json\/wp\/v2\/media?parent=117748"}],"wp:term":[{"taxonomy":"category","embeddable":true,"href":"https:\/\/linitiative.ca\/International\/wp-json\/wp\/v2\/categories?post=117748"},{"taxonomy":"post_tag","embeddable":true,"href":"https:\/\/linitiative.ca\/International\/wp-json\/wp\/v2\/tags?post=117748"}],"curies":[{"name":"wp","href":"https:\/\/api.w.org\/{rel}","templated":true}]}}