{"id":117749,"date":"2021-06-01T11:20:56","date_gmt":"2021-06-01T15:20:56","guid":{"rendered":"https:\/\/linitiative.ca\/International\/khenifra-un-meurtrier-epingle\/"},"modified":"2021-06-01T11:20:56","modified_gmt":"2021-06-01T15:20:56","slug":"khenifra-un-meurtrier-epingle","status":"publish","type":"post","link":"https:\/\/linitiative.ca\/International\/khenifra-un-meurtrier-epingle\/","title":{"rendered":"Kh\u00e9nifra : Un meurtrier \u00e9pingl\u00e9"},"content":{"rendered":"<header>\n<\/header>\n<div class=\"entry-content clearfix\" readability=\"46\">\n<figure class=\"post-thumbnail\" itemprop=\"associatedMedia\" itemscope=\"itemscope\" itemtype=\"http:\/\/schema.org\/ImageObject\"><img decoding=\"async\" class=\"post_layout_5_img\" src=\"http:\/\/aujourdhui.ma\/wp-content\/uploads\/2016\/08\/Meurtre-Couteau-Crime-Sang.jpg\" alt=\"Kh\u00e9nifra : Un meurtrier \u00e9pingl\u00e9\"\/><\/figure>\n<p><span class=\"c6\"><strong>Impliqu\u00e9 dans une affaire de meurtre, \u00e0 Kh\u00e9nifra, un jeune homme, la vingtaine, a \u00e9t\u00e9 arr\u00eat\u00e9, \u00e0 Aguelmous, situ\u00e9e \u00e0 trente-deux kilom\u00e8tres de la sc\u00e8ne du crime.<\/strong><\/span> <span id=\"more-377937\"\/><\/p>\n<p>Samedi dernier, il a \u00e9t\u00e9 traduit devant le parquet g\u00e9n\u00e9ral pr\u00e8s la Cour d\u2019appel de Beni Mellal qui l\u2019a maintenu en d\u00e9tention pr\u00e9ventive. L\u2019affaire remonte au mercredi 26 mai quand le cadavre d\u2019un adolescent de dix-huit ans a \u00e9t\u00e9 retrouv\u00e9 dans un terrain vague situ\u00e9 au quartier Amalou. Les \u00e9l\u00e9ments de la police judiciaire relevant du district de la s\u00fbret\u00e9 de Kh\u00e9nifra ont remarqu\u00e9 une grave blessure au niveau de la t\u00eate de la victime. Les investigations polici\u00e8res ont \u00e9t\u00e9 sold\u00e9es par l\u2019identification de la personne qui \u00e9tait en sa compagnie, \u00e0 savoir le mis en cause qui a avou\u00e9 son crime.<\/p>\n<\/div>\n<p>Auteur: Abderrafii ALOUMLIKI<br \/>\n<a href=\"https:\/\/aujourdhui.ma\/faits-divers\/khenifra-un-meurtrier-epingle\">Cliquez ici pour lire l&rsquo;article depuis sa source.<\/a><\/p>\n","protected":false},"excerpt":{"rendered":"<p>Impliqu\u00e9 dans une affaire de meurtre, \u00e0 Kh\u00e9nifra, un jeune homme, la vingtaine, a \u00e9t\u00e9 arr\u00eat\u00e9, \u00e0 Aguelmous, situ\u00e9e \u00e0 trente-deux kilom\u00e8tres de la sc\u00e8ne du crime. Samedi dernier, il a \u00e9t\u00e9 traduit devant le parquet g\u00e9n\u00e9ral pr\u00e8s la Cour d\u2019appel de Beni Mellal qui l\u2019a maintenu en d\u00e9tention pr\u00e9ventive. L\u2019affaire remonte au mercredi 26 [&hellip;]<\/p>\n","protected":false},"author":1759,"featured_media":0,"comment_status":"closed","ping_status":"closed","sticky":false,"template":"","format":"standard","meta":{"fifu_image_url":"http:\/\/aujourdhui.ma\/wp-content\/uploads\/2016\/08\/Meurtre-Couteau-Crime-Sang.jpg","fifu_image_alt":"Kh\u00e9nifra : Un meurtrier \u00e9pingl\u00e9","footnotes":""},"categories":[73,54],"tags":[],"class_list":["post-117749","post","type-post","status-publish","format-standard","hentry","category-actualite","category-maroc"],"_links":{"self":[{"href":"https:\/\/linitiative.ca\/International\/wp-json\/wp\/v2\/posts\/117749","targetHints":{"allow":["GET"]}}],"collection":[{"href":"https:\/\/linitiative.ca\/International\/wp-json\/wp\/v2\/posts"}],"about":[{"href":"https:\/\/linitiative.ca\/International\/wp-json\/wp\/v2\/types\/post"}],"author":[{"embeddable":true,"href":"https:\/\/linitiative.ca\/International\/wp-json\/wp\/v2\/users\/1759"}],"replies":[{"embeddable":true,"href":"https:\/\/linitiative.ca\/International\/wp-json\/wp\/v2\/comments?post=117749"}],"version-history":[{"count":0,"href":"https:\/\/linitiative.ca\/International\/wp-json\/wp\/v2\/posts\/117749\/revisions"}],"wp:attachment":[{"href":"https:\/\/linitiative.ca\/International\/wp-json\/wp\/v2\/media?parent=117749"}],"wp:term":[{"taxonomy":"category","embeddable":true,"href":"https:\/\/linitiative.ca\/International\/wp-json\/wp\/v2\/categories?post=117749"},{"taxonomy":"post_tag","embeddable":true,"href":"https:\/\/linitiative.ca\/International\/wp-json\/wp\/v2\/tags?post=117749"}],"curies":[{"name":"wp","href":"https:\/\/api.w.org\/{rel}","templated":true}]}}