{"id":117750,"date":"2021-05-31T14:00:00","date_gmt":"2021-05-31T18:00:00","guid":{"rendered":"https:\/\/linitiative.ca\/International\/sengager-a-abandonner\/"},"modified":"2021-05-31T14:00:00","modified_gmt":"2021-05-31T18:00:00","slug":"sengager-a-abandonner","status":"publish","type":"post","link":"https:\/\/linitiative.ca\/International\/sengager-a-abandonner\/","title":{"rendered":"S\u2019engager \u00e0 abandonner"},"content":{"rendered":"<p class=\"has-text-align-right\"><strong>Par Ouardirhi Abdelaziz<\/strong><\/p>\n<p><strong>Depuis 1987, le 31 mai de chaque ann\u00e9e est consacr\u00e9 journ\u00e9e mondiale sans tabac. L\u2019OMS et ses partenaires c\u00e9l\u00e8brent partout dans le monde cette journ\u00e9e mondiale, mettant en exergue les risques de la consommation du tabac et pr\u00e9conisant des politiques efficaces pour la r\u00e9duire<\/strong>. <strong>Le th\u00e8me pour cette ann\u00e9e 2021<\/strong> <strong>est court et percutant : \u00ab\u00a0S\u2019engager \u00e0 abandonner\u00a0\u00bb (Commit to quit). Peu de mots, mais plus des actes. Esp\u00e9rons que les moyens suivront.<\/strong><\/p>\n<p>A l\u2019instar d\u2019autres pays dans le monde, le Maroc c\u00e9l\u00e8bre le 31 mai, la journ\u00e9e mondiale sans Tabac, dont le th\u00e8me retenu cette ann\u00e9e est \u00abS\u2019engager \u00e0 abandonner\u00a0\u00bb. L\u2019Organisation mondiale de la sant\u00e9 (OMS) estime qu\u2019en 2020, le tabac \u00e9tait la\u00a0principale cause de d\u00e9c\u00e8s et d\u2019incapacit\u00e9, avec plus de 10 millions de victimes par an. 80 % de ces d\u00e9c\u00e8s surviennent dans les pays \u00e0 d\u00e9veloppement faible ou interm\u00e9diaire. Ce que beaucoup de personnes ignorent, c\u2019est que le tabagisme entraine\u00a0plus de d\u00e9c\u00e8s \u00e0 travers le monde que le Sida, la tuberculose, la mortalit\u00e9 maternelle, les accidents de voiture, les suicides et les homicides combin\u00e9s. Il provoquera au cours de ce 2<sup>e<\/sup>\u00a0 Si\u00e8cle, plus d\u2019un milliard de morts. La plupart des gens savent que le tabac provoque des cancers et des affections pulmonaires, mais on ignore bien souvent le r\u00f4le qu\u2019il joue dans l\u2019infarctus du myocarde et les accidents vasculaires c\u00e9r\u00e9braux, qui viennent en t\u00eate des causes de d\u00e9c\u00e8s dans le monde. \u00bb, admet d\u2019ailleurs le directeur g\u00e9n\u00e9ral de l\u2019OMS, le Dr Tedros Adhanom Ghebreyesus.<\/p>\n<p>Des chiffres alarmants<\/p>\n<p>En 2018 \u00e0 Cap Town, 100 pays et 2000 participants avaient pris part \u00e0 la 17\u00e8me conf\u00e9rence mondiale sur le \u00abtabac ou la sant\u00e9 \u00bb (WCTOH), dont les travaux s\u2019\u00e9taient d\u00e9roules du 7 au 9 mars. Les chiffres r\u00e9v\u00e9l\u00e9s \u00e0 cette occasion sont alarmants .L\u2019Industrie du tabac a vendu 5500 milliards de cigarettes en 2017 \u00e0 environ un milliard de personnes \u00e0 travers le monde pour des revenus estim\u00e9s \u00e0 700 milliards de dollars.<\/p>\n<p>Les d\u00e9c\u00e8s dus aux cancers caus\u00e9s par la consommation des cigarettes s\u2019\u00e9l\u00e8vent \u00e0 7 millions de personnes par ann\u00e9e.<\/p>\n<p>En Afrique, la situation est encore plus alarmante. En effet, si les pays d\u00e9velopp\u00e9s sont parvenus \u00e0 limiter la consommation, notamment par l\u2019interdiction de la publicit\u00e9 et l\u2019interdiction de fumer dans les espaces publics, le nombre de fumeurs ne cesse de cro\u00eetre sur le continent. L\u2019Organisation mondiale de la sant\u00e9 (OMS) recense 700 millions de fumeurs sur l\u2019ensemble du continent et enregistre une progression de la consommation du tabac estim\u00e9e \u00e0 52% depuis 1980. Au regard de ces chiffres, on mesure l\u2019ampleur des d\u00e9g\u00e2ts, des chiffres qui ne pr\u00e9sagent rien de bon pour les g\u00e9n\u00e9rations futures. Tous les pays, les gouvernements, les associations qui militent pour la sant\u00e9 et l\u2019environnement, la soci\u00e9t\u00e9 civile, les parents, l\u2019\u00e9cole, doivent se mobiliser davantage pour une g\u00e9n\u00e9ration sans tabac.<\/p>\n<p>La situation au Maroc<\/p>\n<p>Il est \u00e0 rappeler que la pr\u00e9valence du tabagisme au Maroc est de 13.4% chez adultes \u00e2g\u00e9s de plus de 18 ans, dont 26.9% des hommes et 0,4% des femmes (STEPS 2018) et chez les \u00e9l\u00e8ves \u00e2g\u00e9s de 13 \u00e0 15 est \u00e0 6%( GYTS 2016), alors qu\u2019environ 35.6% de la population est expos\u00e9e au tabagisme passif dans les lieux publics et professionnels. Les sp\u00e9cialistes du ph\u00e9nom\u00e8ne renvoient cette hausse dans les milieux des jeunes et adolescents \u00e0 la non compatibilit\u00e9 des lois et des l\u00e9gislations en vigueur.<\/p>\n<p>A cause du tabagisme actif et passif, notre population paye chaque ann\u00e9e\u00a0un lourd tribut en vies humaines. Les jeunes sont tr\u00e8s expos\u00e9s et les co\u00fbts de prises en charge des pathologies inh\u00e9rentes au tabac, sous toutes les formes, repr\u00e9sentent un lourd fardeau pour nos h\u00f4pitaux et pour les caisses d\u2019assurance maladie obligatoire. Ces d\u00e9penses de sant\u00e9 ont \u00e9t\u00e9 estim\u00e9es \u00e0 pr\u00e8s de 16 371 millions de dirhams. La tendance est \u00e0 la hausse du fait du nombre croissant des personnes qui fument. Le Maroc est consid\u00e9r\u00e9 comme l\u2019un des plus grands consommateurs de tabac dans la zone m\u00e9diterran\u00e9enne avec plus de 15 milliards de cigarettes par an.\u00a0Le cancer du poumon dus au tabac s\u2019\u00e9l\u00e8ve \u00e0 \u00a090% des cancers du poumon enregistr\u00e9s. Le tabac serait \u00e9galement responsable de 25% des insuffisances coronaires dont l\u2019infarctus. Selon le rapport de l\u2019\u00e9quipe de\u00a0 chercheurs de Tabacco Atlas qui nous informe que\u00a017.644 marocains sont morts en 2017 \u00e0 cause du Tabac.<\/p>\n<p>Le tabagisme et les enfants\u00a0: une pr\u00e9occupation majeure<\/p>\n<p>Des enfants, des filles et gar\u00e7ons qui fument dans la rue, ou aux abords des lyc\u00e9es. C\u2019est devenu un clich\u00e9 relativement banal de nos jours au sein de notre soci\u00e9t\u00e9, qui regarde, observe, sans jamais oser agir. Pourtant la consommation de tabac chez les jeunes est une pr\u00e9occupation majeure pour les parents, qui esp\u00e8rent tous que leurs enfants soient en bonne sant\u00e9 et qu\u2019ils ne tombent pas dans le pi\u00e8ge tentaculaire du tabagisme. De ce fait, notre soci\u00e9t\u00e9, nos \u00e9lus et gouvernants se doivent d\u2019agir afin de tout mettre en \u0153uvre pour que ces jeunes enfants puissent grandir dans un monde sans tabac. Ce qui contribuera \u00e0 ne pas en douter \u00e0 un meilleur \u00e9tat de sant\u00e9 physique et mental. Pour ce faire et afin d\u2019atteindre de tels objectifs, il est n\u00e9cessaire que des mesures \u00e9prouv\u00e9es au niveau national soient appliqu\u00e9es avec force.<\/p>\n<p>Premi\u00e8rement, il faut d\u00e8s aujourd\u2019hui mettre en place des\u00a0 actions rapides pour lutter efficacement contre le tabagisme aupr\u00e8s des jeunes.<\/p>\n<p>Il appartient \u00e0 l\u2019Etat d\u2019adopter des mesures rigoureuses, \u00e0 commencer par interdire les vendeurs de cigarettes au d\u00e9tail qui pullulent, qui sont \u00e0 tous les coins de rues, devant les coll\u00e8ges et les lyc\u00e9es, l\u2019interdiction de vente aux mineurs, qui est de nature \u00e0 participer au processus de \u00ab\u00a0d\u00e9normalisation\u00a0\u00bb\u00a0du tabagisme.<\/p>\n<p>Il s\u2019agit aussi d\u2019interdire de fumer dans les lieux \u00e0 usage collectif, notamment les lieux fr\u00e9quent\u00e9s par les jeunes, comme les lieux de loisirs, installations sportives, th\u00e9\u00e2tres, cin\u00e9ma\u2026<\/p>\n<p>Suivre les enfants \u00e0 l\u2019\u00e9cole et s\u2019assurer de leurs fr\u00e9quentations\u00a0; ne pas leur permettre d\u2019\u00eatre avec des jeunes qui fument. Encourager ses enfants \u00e0 adopter une hygi\u00e8ne de vie saine, de pratiquer \u00e0 des activit\u00e9s physiques, de pr\u00e9f\u00e9rer le plein air et la nature aux lieux ferm\u00e9s et enfum\u00e9s. L\u2019\u00e9cole doit jouer son r\u00f4le d\u2019\u00e9ducation et interdire le tabagisme \u00e0 l\u2019int\u00e9rieur de ses murs. Sensibiliser les parents qui fument \u00e0 domicile sur les dangers du tabagisme passif auxquels leurs enfants sont expos\u00e9s. Les b\u00e9b\u00e9s d\u2019aujourd\u2019hui et les enfants de demain, seront ainsi prot\u00e9g\u00e9s du tabagisme et pourront jouer et s\u2019amuser dans des environnements sains.<\/p>\n<p>Quid du r\u00f4le des professionnels de sant\u00e9\u00a0?<\/p>\n<p>La Journ\u00e9e mondiale sans tabac vise \u00e0 mettre l\u2019accent sur le r\u00f4le d\u00e9cisif jou\u00e9 par les professionnels de la sant\u00e9 dans la lutte antitabac. En effet, les m\u00e9decins et les infirmiers sont en contact avec un pourcentage \u00e9lev\u00e9 de la population cible, aussi bien au niveau des consultations ou en milieu hospitalier. Dans la grande majorit\u00e9 des cas, ces professionnels de sant\u00e9, ont l\u2019occasion d\u2019aider les fumeurs \u00e0 modifier leur comportement, gr\u00e2ce aux s\u00e9ances de sensibilisations, d\u2019\u00e9ducation, ou \u00e0 l\u2019occasion des diff\u00e9rentes prestations sanitaires.<\/p>\n<p>Grace \u00e0 la relation soignant-soign\u00e9, et \u00e0 la confiance que place le malade dan les membres de l\u2019\u00e9quipe soignante; il devient plus ais\u00e9 de donner des conseils et des r\u00e9ponses aux questions relatives aux cons\u00e9quences du tabagisme et surtout pour les professionnels de sant\u00e9 qui donnent l\u2019exemple en s\u2019abstenant eux-m\u00eames de fumer.<\/p>\n<p>Loi anti-tabac\u00a0: circulez, il n\u2019y a rien \u00e0 voir<\/p>\n<p>Le Maroc est dot\u00e9 d\u2019une loi qui interdit de fumer dans les lieux publics. Il s\u2019agit de la loi (15-91) qui\u00a0 interdit aussi la publicit\u00e9 pour le tabac. Une loi qui n\u2019a \u00e9t\u00e9 promulgu\u00e9e qu\u2019en ao\u00fbt 1995. Mais sans ses d\u00e9crets d\u2019application, elle reste lettre morte.<\/p>\n<p>Il est tr\u00e8s clair que les autorit\u00e9s ne veulent pas appliquer la loi pour pr\u00e9server les recettes fiscales que g\u00e9n\u00e8re le secteur des tabacs qui sont estim\u00e9es \u00e0 plus de 10 milliards de dirhams par an.<\/p>\n<p>Nul besoin de faire un dessein, ce n\u2019est pas demain que cette loi sera respect\u00e9e \u00e0 la lettre, et que les contrevents seront p\u00e9nalis\u00e9s pour avoir grill\u00e9 une cigarette dans un lieu public. Et \u00e0 propos de lieux publics ou il est interdit de fumer, personnellement, je constate toujours que certaines personnes fument au sein des h\u00f4pitaux, des centres de sant\u00e9, des transports en commun, des restaurants, des caf\u00e9s, et tout cela se passe sans aucune g\u00eane. Si vous avez l\u2019audace de rousp\u00e9ter ou de faire des remarques, on vous dira de changer d\u2019endroit si vous n\u2019\u00eates pas contents.<\/p>\n<p>Auteur: M&rsquo;hammed rahal<br \/>\n<a href=\"http:\/\/albayane.press.ma\/sengager-a-abandonner.html\">Cliquez ici pour lire l&rsquo;article depuis sa source.<\/a><\/p>\n","protected":false},"excerpt":{"rendered":"<p>Par Ouardirhi Abdelaziz Depuis 1987, le 31 mai de chaque ann\u00e9e est consacr\u00e9 journ\u00e9e mondiale sans tabac. L\u2019OMS et ses partenaires c\u00e9l\u00e8brent partout dans le monde cette journ\u00e9e mondiale, mettant en exergue les risques de la consommation du tabac et pr\u00e9conisant des politiques efficaces pour la r\u00e9duire. Le th\u00e8me pour cette ann\u00e9e 2021 est court [&hellip;]<\/p>\n","protected":false},"author":1760,"featured_media":0,"comment_status":"closed","ping_status":"closed","sticky":false,"template":"","format":"standard","meta":{"fifu_image_url":"","fifu_image_alt":"","footnotes":""},"categories":[73,54],"tags":[],"class_list":["post-117750","post","type-post","status-publish","format-standard","hentry","category-actualite","category-maroc"],"_links":{"self":[{"href":"https:\/\/linitiative.ca\/International\/wp-json\/wp\/v2\/posts\/117750","targetHints":{"allow":["GET"]}}],"collection":[{"href":"https:\/\/linitiative.ca\/International\/wp-json\/wp\/v2\/posts"}],"about":[{"href":"https:\/\/linitiative.ca\/International\/wp-json\/wp\/v2\/types\/post"}],"author":[{"embeddable":true,"href":"https:\/\/linitiative.ca\/International\/wp-json\/wp\/v2\/users\/1760"}],"replies":[{"embeddable":true,"href":"https:\/\/linitiative.ca\/International\/wp-json\/wp\/v2\/comments?post=117750"}],"version-history":[{"count":0,"href":"https:\/\/linitiative.ca\/International\/wp-json\/wp\/v2\/posts\/117750\/revisions"}],"wp:attachment":[{"href":"https:\/\/linitiative.ca\/International\/wp-json\/wp\/v2\/media?parent=117750"}],"wp:term":[{"taxonomy":"category","embeddable":true,"href":"https:\/\/linitiative.ca\/International\/wp-json\/wp\/v2\/categories?post=117750"},{"taxonomy":"post_tag","embeddable":true,"href":"https:\/\/linitiative.ca\/International\/wp-json\/wp\/v2\/tags?post=117750"}],"curies":[{"name":"wp","href":"https:\/\/api.w.org\/{rel}","templated":true}]}}