{"id":117756,"date":"2021-05-31T20:42:10","date_gmt":"2021-06-01T00:42:10","guid":{"rendered":"https:\/\/linitiative.ca\/International\/covid-19-serie-de-mesures-a-compter-du-1er-juin\/"},"modified":"2021-05-31T20:42:10","modified_gmt":"2021-06-01T00:42:10","slug":"covid-19-serie-de-mesures-a-compter-du-1er-juin","status":"publish","type":"post","link":"https:\/\/linitiative.ca\/International\/covid-19-serie-de-mesures-a-compter-du-1er-juin\/","title":{"rendered":"Covid-19: S\u00e9rie de mesures \u00e0 compter du 1er juin"},"content":{"rendered":"<div class=\"single-featured\"><img alt=\"\" data-src=\"http:\/\/www.mapmarrakech.ma\/map\/uploads\/2021\/06\/Otmani-504x300.jpg\"\/><\/div>\n<div class=\"single-post-excerpt post-excerpt-bc\" readability=\"38\">\n<p>Le gouvernement a d\u00e9cid\u00e9 l\u2019application, \u00e0 compter du mardi 1er juin, d\u2019une batterie de mesures, au regard des r\u00e9sultats positifs enregistr\u00e9s dans la courbe des infections au nouveau coronavirus et des avanc\u00e9es r\u00e9alis\u00e9es dans le cadre de la campagne nationale de vaccination contre cette pand\u00e9mie.<\/p>\n<\/div>\n<div class=\"entry-content clearfix single-post-content\" readability=\"63\">\n<p>Ces mesures comprennent l\u2019autorisation des rassemblements et des activit\u00e9s dans les espaces ferm\u00e9s pour moins de 50 personnes et les rassemblements et les activit\u00e9s dans les espaces ouverts pour moins de 100 personnes, avec l\u2019obligation d\u2019obtenir une autorisation aupr\u00e8s des autorit\u00e9s locales en cas de d\u00e9passement de ce nombre, indique le gouvernement dans un communiqu\u00e9.<\/p>\n<p>Ces mesures, qui fixent \u00e9galement \u00e0 75% la capacit\u00e9 d\u2019accueil des moyens de transport public, concernent aussi l\u2019autorisation d\u2019ouverture des th\u00e9\u00e2tres, salles de cin\u00e9ma, centres culturels, biblioth\u00e8ques, mus\u00e9es et des monuments \u00e0 hauteur de 50% de leur capacit\u00e9.<\/p>\n<p>De m\u00eame, poursuit le communiqu\u00e9, ces mesures permettent aux salles de f\u00eates d\u2019op\u00e9rer \u00e0 hauteur de 50% de leur capacit\u00e9 d\u2019accueil \u00e0 condition que le nombre des personnes pr\u00e9sentes ne d\u00e9passe pas les 100 personnes, autorisent l\u2019acc\u00e8s aux plages avec le respect de la distanciation physique et l\u2019ouverture des piscines publiques \u00e0 hauteur de 50% de leur capacit\u00e9 d\u2019accueil.<\/p>\n<p>Afin de r\u00e9ussir la mise en \u0153uvre de ces mesures, le gouvernement exhorte tous les citoyennes et citoyens \u00e0 continuer \u00e0 respecter totalement et rigoureusement l\u2019ensemble des mesures pr\u00e9ventives annonc\u00e9es, notamment la distanciation physique, les r\u00e8gles d\u2019hygi\u00e8ne et le port des masques de protection.<\/p>\n<\/div>\n<p>Auteur: Meriem IGASS<br \/>\n<a href=\"http:\/\/www.mapmarrakech.ma\/fr\/covid-19-serie-de-mesures-a-compter-du-1er-juin\/\">Cliquez ici pour lire l&rsquo;article depuis sa source.<\/a><\/p>\n","protected":false},"excerpt":{"rendered":"<p>Le gouvernement a d\u00e9cid\u00e9 l\u2019application, \u00e0 compter du mardi 1er juin, d\u2019une batterie de mesures, au regard des r\u00e9sultats positifs enregistr\u00e9s dans la courbe des infections au nouveau coronavirus et des avanc\u00e9es r\u00e9alis\u00e9es dans le cadre de la campagne nationale de vaccination contre cette pand\u00e9mie. Ces mesures comprennent l\u2019autorisation des rassemblements et des activit\u00e9s dans [&hellip;]<\/p>\n","protected":false},"author":1788,"featured_media":0,"comment_status":"closed","ping_status":"closed","sticky":false,"template":"","format":"standard","meta":{"fifu_image_url":"http:\/\/www.mapmarrakech.ma\/map\/uploads\/2021\/06\/Otmani-504x300.jpg","fifu_image_alt":"Covid-19: S\u00e9rie de mesures \u00e0 compter du 1er juin","footnotes":""},"categories":[54,76],"tags":[],"class_list":["post-117756","post","type-post","status-publish","format-standard","hentry","category-maroc","category-regions"],"_links":{"self":[{"href":"https:\/\/linitiative.ca\/International\/wp-json\/wp\/v2\/posts\/117756","targetHints":{"allow":["GET"]}}],"collection":[{"href":"https:\/\/linitiative.ca\/International\/wp-json\/wp\/v2\/posts"}],"about":[{"href":"https:\/\/linitiative.ca\/International\/wp-json\/wp\/v2\/types\/post"}],"author":[{"embeddable":true,"href":"https:\/\/linitiative.ca\/International\/wp-json\/wp\/v2\/users\/1788"}],"replies":[{"embeddable":true,"href":"https:\/\/linitiative.ca\/International\/wp-json\/wp\/v2\/comments?post=117756"}],"version-history":[{"count":0,"href":"https:\/\/linitiative.ca\/International\/wp-json\/wp\/v2\/posts\/117756\/revisions"}],"wp:attachment":[{"href":"https:\/\/linitiative.ca\/International\/wp-json\/wp\/v2\/media?parent=117756"}],"wp:term":[{"taxonomy":"category","embeddable":true,"href":"https:\/\/linitiative.ca\/International\/wp-json\/wp\/v2\/categories?post=117756"},{"taxonomy":"post_tag","embeddable":true,"href":"https:\/\/linitiative.ca\/International\/wp-json\/wp\/v2\/tags?post=117756"}],"curies":[{"name":"wp","href":"https:\/\/api.w.org\/{rel}","templated":true}]}}