{"id":117757,"date":"2021-06-01T08:25:27","date_gmt":"2021-06-01T12:25:27","guid":{"rendered":"https:\/\/linitiative.ca\/International\/camp-de-formation-sur-la-gestion-des-dechets-au-profit-des-jeunes\/"},"modified":"2021-06-01T08:25:27","modified_gmt":"2021-06-01T12:25:27","slug":"camp-de-formation-sur-la-gestion-des-dechets-au-profit-des-jeunes","status":"publish","type":"post","link":"https:\/\/linitiative.ca\/International\/camp-de-formation-sur-la-gestion-des-dechets-au-profit-des-jeunes\/","title":{"rendered":"Camp de formation sur la gestion des d\u00e9chets au profit des jeunes"},"content":{"rendered":"<p><iframe loading=\"lazy\" width=\"1170\" height=\"658\" src=\"https:\/\/www.youtube.com\/embed\/h6uyaKKyfak?feature=oembed\" frameborder=\"0\" allow=\"accelerometer; autoplay; clipboard-write; encrypted-media; gyroscope; picture-in-picture\" allowfullscreen=\"allowfullscreen\">[embedded content]<\/iframe><\/p>\n<div class=\"single-post-excerpt post-excerpt-bc\" readability=\"37\">\n<p>L\u2019Association Future pour les Chantiers et le D\u00e9veloppement (AFCD) a proc\u00e9d\u00e9, jeudi \u00e0 Ait Ourir, au lancement d\u2019un camp de formation sur les enjeux de la gestion des d\u00e9chets m\u00e9nagers dans la ville, au profit des jeunes des diff\u00e9rentes r\u00e9gions du Royaume.<\/p>\n<\/div>\n<p>Auteur: Meriem IGASS<br \/>\n<a href=\"http:\/\/www.mapmarrakech.ma\/fr\/camp-de-formation-sur-la-gestion-des-dechets-au-profit-des-jeunes-2\/\">Cliquez ici pour lire l&rsquo;article depuis sa source.<\/a><\/p>\n","protected":false},"excerpt":{"rendered":"<p>[embedded content] L\u2019Association Future pour les Chantiers et le D\u00e9veloppement (AFCD) a proc\u00e9d\u00e9, jeudi \u00e0 Ait Ourir, au lancement d\u2019un camp de formation sur les enjeux de la gestion des d\u00e9chets m\u00e9nagers dans la ville, au profit des jeunes des diff\u00e9rentes r\u00e9gions du Royaume. Auteur: Meriem IGASS Cliquez ici pour lire l&rsquo;article depuis sa source.<\/p>\n","protected":false},"author":1788,"featured_media":0,"comment_status":"closed","ping_status":"closed","sticky":false,"template":"","format":"standard","meta":{"fifu_image_url":"","fifu_image_alt":"","footnotes":""},"categories":[54,76],"tags":[],"class_list":["post-117757","post","type-post","status-publish","format-standard","hentry","category-maroc","category-regions"],"_links":{"self":[{"href":"https:\/\/linitiative.ca\/International\/wp-json\/wp\/v2\/posts\/117757","targetHints":{"allow":["GET"]}}],"collection":[{"href":"https:\/\/linitiative.ca\/International\/wp-json\/wp\/v2\/posts"}],"about":[{"href":"https:\/\/linitiative.ca\/International\/wp-json\/wp\/v2\/types\/post"}],"author":[{"embeddable":true,"href":"https:\/\/linitiative.ca\/International\/wp-json\/wp\/v2\/users\/1788"}],"replies":[{"embeddable":true,"href":"https:\/\/linitiative.ca\/International\/wp-json\/wp\/v2\/comments?post=117757"}],"version-history":[{"count":0,"href":"https:\/\/linitiative.ca\/International\/wp-json\/wp\/v2\/posts\/117757\/revisions"}],"wp:attachment":[{"href":"https:\/\/linitiative.ca\/International\/wp-json\/wp\/v2\/media?parent=117757"}],"wp:term":[{"taxonomy":"category","embeddable":true,"href":"https:\/\/linitiative.ca\/International\/wp-json\/wp\/v2\/categories?post=117757"},{"taxonomy":"post_tag","embeddable":true,"href":"https:\/\/linitiative.ca\/International\/wp-json\/wp\/v2\/tags?post=117757"}],"curies":[{"name":"wp","href":"https:\/\/api.w.org\/{rel}","templated":true}]}}