{"id":117758,"date":"2021-06-01T11:50:26","date_gmt":"2021-06-01T15:50:26","guid":{"rendered":"https:\/\/linitiative.ca\/International\/calendrier-de-reouverture-des-mosquees-fermees\/"},"modified":"2021-06-01T11:50:26","modified_gmt":"2021-06-01T15:50:26","slug":"calendrier-de-reouverture-des-mosquees-fermees","status":"publish","type":"post","link":"https:\/\/linitiative.ca\/International\/calendrier-de-reouverture-des-mosquees-fermees\/","title":{"rendered":"Calendrier de r\u00e9ouverture des mosqu\u00e9es ferm\u00e9es"},"content":{"rendered":"<div class=\"single-featured\"><img alt=\"\" data-src=\"http:\/\/www.mapmarrakech.ma\/map\/uploads\/2021\/05\/ministere-des-habous.jpg\"\/><\/div>\n<div class=\"single-post-excerpt post-excerpt-bc\" readability=\"33\">\n<p>Le minist\u00e8re des Habous et des Affaires islamiques a annonc\u00e9 mardi le calendrier de r\u00e9ouverture des mosqu\u00e9es ferm\u00e9es.<\/p>\n<\/div>\n<div class=\"entry-content clearfix single-post-content\" readability=\"52\">\n<p>Suite au communiqu\u00e9 publi\u00e9 lundi en ex\u00e9cution des Hautes instructions de SM le Roi Mohammed VI, Amir Al-Mouminine, pour la r\u00e9ouverture progressive des mosqu\u00e9es ferm\u00e9es, le minist\u00e8re des Habous et des Affaires islamiques a indiqu\u00e9 que cette op\u00e9ration se fera en 4 \u00e9tapes :<\/p>\n<p>1) mardi 8 juin 2021 : r\u00e9ouverture du reste des mosqu\u00e9es o\u00f9 se d\u00e9roulent les pri\u00e8res de vendredi, au nombre de 12.000 ;<\/p>\n<p>2) mardi 22 juin 2021 (2eme groupe): R\u00e9ouverture de 9.000 mosqu\u00e9es d\u00e9di\u00e9es aux cinq pri\u00e8res;<\/p>\n<p>3) mardi 6 juillet 2021 (3eme groupe): R\u00e9ouverture de 9.000 mosqu\u00e9es d\u00e9di\u00e9es aux cinq pri\u00e8res;<\/p>\n<p>4) mardi 20 juillet 2021 (dernier groupe) : 10.000 mosqu\u00e9es d\u00e9di\u00e9es aux cinq pri\u00e8res.<\/p>\n<p>Cette r\u00e9ouverture se fera en totale coordination avec les walis, les gouverneurs et les d\u00e9l\u00e9gu\u00e9s des affaires islamiques, conclut un communiqu\u00e9 de ce d\u00e9partement.<\/p>\n<\/div>\n<p>Auteur: Meriem IGASS<br \/>\n<a href=\"http:\/\/www.mapmarrakech.ma\/fr\/calendrier-de-reouverture-des-mosquees-fermees\/\">Cliquez ici pour lire l&rsquo;article depuis sa source.<\/a><\/p>\n","protected":false},"excerpt":{"rendered":"<p>Le minist\u00e8re des Habous et des Affaires islamiques a annonc\u00e9 mardi le calendrier de r\u00e9ouverture des mosqu\u00e9es ferm\u00e9es. Suite au communiqu\u00e9 publi\u00e9 lundi en ex\u00e9cution des Hautes instructions de SM le Roi Mohammed VI, Amir Al-Mouminine, pour la r\u00e9ouverture progressive des mosqu\u00e9es ferm\u00e9es, le minist\u00e8re des Habous et des Affaires islamiques a indiqu\u00e9 que cette [&hellip;]<\/p>\n","protected":false},"author":1788,"featured_media":0,"comment_status":"closed","ping_status":"closed","sticky":false,"template":"","format":"standard","meta":{"fifu_image_url":"http:\/\/www.mapmarrakech.ma\/map\/uploads\/2021\/05\/ministere-des-habous.jpg","fifu_image_alt":"Calendrier de r\u00e9ouverture des mosqu\u00e9es ferm\u00e9es","footnotes":""},"categories":[54,76],"tags":[],"class_list":["post-117758","post","type-post","status-publish","format-standard","hentry","category-maroc","category-regions"],"_links":{"self":[{"href":"https:\/\/linitiative.ca\/International\/wp-json\/wp\/v2\/posts\/117758","targetHints":{"allow":["GET"]}}],"collection":[{"href":"https:\/\/linitiative.ca\/International\/wp-json\/wp\/v2\/posts"}],"about":[{"href":"https:\/\/linitiative.ca\/International\/wp-json\/wp\/v2\/types\/post"}],"author":[{"embeddable":true,"href":"https:\/\/linitiative.ca\/International\/wp-json\/wp\/v2\/users\/1788"}],"replies":[{"embeddable":true,"href":"https:\/\/linitiative.ca\/International\/wp-json\/wp\/v2\/comments?post=117758"}],"version-history":[{"count":0,"href":"https:\/\/linitiative.ca\/International\/wp-json\/wp\/v2\/posts\/117758\/revisions"}],"wp:attachment":[{"href":"https:\/\/linitiative.ca\/International\/wp-json\/wp\/v2\/media?parent=117758"}],"wp:term":[{"taxonomy":"category","embeddable":true,"href":"https:\/\/linitiative.ca\/International\/wp-json\/wp\/v2\/categories?post=117758"},{"taxonomy":"post_tag","embeddable":true,"href":"https:\/\/linitiative.ca\/International\/wp-json\/wp\/v2\/tags?post=117758"}],"curies":[{"name":"wp","href":"https:\/\/api.w.org\/{rel}","templated":true}]}}