{"id":117759,"date":"2021-06-01T12:02:48","date_gmt":"2021-06-01T16:02:48","guid":{"rendered":"https:\/\/linitiative.ca\/International\/sm-le-roi-reitere-ses-hautes-instructions-pour-que-la-question-des-mineurs-marocains-non-accompagnes-en-situation-irreguliere-dans-des-pays-europeens-soit-definitivement-reglee\/"},"modified":"2021-06-01T12:02:48","modified_gmt":"2021-06-01T16:02:48","slug":"sm-le-roi-reitere-ses-hautes-instructions-pour-que-la-question-des-mineurs-marocains-non-accompagnes-en-situation-irreguliere-dans-des-pays-europeens-soit-definitivement-reglee","status":"publish","type":"post","link":"https:\/\/linitiative.ca\/International\/sm-le-roi-reitere-ses-hautes-instructions-pour-que-la-question-des-mineurs-marocains-non-accompagnes-en-situation-irreguliere-dans-des-pays-europeens-soit-definitivement-reglee\/","title":{"rendered":"SM le Roi r\u00e9it\u00e8re ses Hautes Instructions pour que la question des mineurs marocains non accompagn\u00e9s en situation irr\u00e9guli\u00e8re dans des pays europ\u00e9ens soit d\u00e9finitivement r\u00e9gl\u00e9e"},"content":{"rendered":"<div readability=\"39\">\n<p>Sa Majest\u00e9 le Roi Mohammed VI, que Dieu L\u2019assiste, a bien voulu r\u00e9it\u00e9rer ses Tr\u00e8s Hautes Instructions aux ministres charg\u00e9s de l\u2019Int\u00e9rieur et des Affaires \u00e9trang\u00e8res afin que la question des mineurs marocains non accompagn\u00e9s, se trouvant en situation irr\u00e9guli\u00e8re dans certains pays europ\u00e9ens, soit d\u00e9finitivement r\u00e9gl\u00e9e.<\/p>\n<\/div>\n<div readability=\"78\">\n<p>Un communiqu\u00e9 des minist\u00e8res de l\u2019Int\u00e9rieur et des Affaires \u00e9trang\u00e8res, de la Coop\u00e9ration africaine et des Marocains r\u00e9sidant \u00e0 l\u2019\u00e9tranger indique que Sa Majest\u00e9 le Roi, que Dieu Le pr\u00e9serve, avait soulign\u00e9, \u00e0 plusieurs reprises, y compris \u00e0 des Chefs d\u2019Etat \u00e9trangers, l\u2019engagement clair et ferme du Royaume du Maroc \u00e0 accepter le retour des mineurs non accompagn\u00e9s d\u00fbment identifi\u00e9s.<\/p>\n<p>Des m\u00e9canismes de coop\u00e9ration ont \u00e9t\u00e9 mis en place \u00e0 cet effet avec certains pays, notamment la France et l\u2019Espagne et qui ont abouti au retour au Maroc de plusieurs dizaines de mineurs, pr\u00e9cise le communiqu\u00e9.<\/p>\n<p>Les lenteurs constat\u00e9es dans la concr\u00e9tisation de cette coop\u00e9ration sont essentiellement li\u00e9es \u00e0 des blocages dus aux proc\u00e9dures (administratives et judiciaires) complexes dans certains pays europ\u00e9ens, ajoute la m\u00eame source, pr\u00e9cisant que le Maroc est le premier pays concern\u00e9 par certains cercles de la soci\u00e9t\u00e9 civile, voire m\u00eame des r\u00e9seaux criminels, qui prennent pr\u00e9texte des conditions soi-disant pr\u00e9caires des mineurs pour les instrumentaliser.<\/p>\n<p>Le Maroc est dispos\u00e9 \u00e0 collaborer, comme il l\u2019a toujours fait, avec les pays europ\u00e9ens et l\u2019Union Europ\u00e9enne (UE), pour le r\u00e8glement de cette question, poursuit le communiqu\u00e9, relevant que le Royaume esp\u00e8re que l\u2019UE et les pays concern\u00e9s sauront d\u00e9passer les contraintes proc\u00e9durales pour faciliter cette op\u00e9ration.<\/p>\n<p>Le Maroc regrette \u00e0 nouveau que la question migratoire, y compris la question des mineurs non accompagn\u00e9s, soit utilis\u00e9e comme alibi afin de contourner les v\u00e9ritables causes de la crise politique actuelle avec l\u2019Espagne dont les origines et les fondements sont bien connus.<\/p>\n<p>Les autorit\u00e9s marocaines se r\u00e9servent le droit d\u2019apporter, au moment opportun, les r\u00e9ponses appropri\u00e9es aux accusations infond\u00e9es du gouvernement espagnol, conclut le communiqu\u00e9.<\/p>\n<\/div>\n<p>Auteur: Meriem IGASS<br \/>\n<a href=\"http:\/\/www.mapmarrakech.ma\/fr\/sm-le-roi-reitere-ses-hautes-instructions-pour-que-la-question-des-mineurs-marocains-non-accompagnes-en-situation-irreguliere-dans-des-pays-europeens-soit-definitivement-reglee\/\">Cliquez ici pour lire l&rsquo;article depuis sa source.<\/a><\/p>\n","protected":false},"excerpt":{"rendered":"<p>Sa Majest\u00e9 le Roi Mohammed VI, que Dieu L\u2019assiste, a bien voulu r\u00e9it\u00e9rer ses Tr\u00e8s Hautes Instructions aux ministres charg\u00e9s de l\u2019Int\u00e9rieur et des Affaires \u00e9trang\u00e8res afin que la question des mineurs marocains non accompagn\u00e9s, se trouvant en situation irr\u00e9guli\u00e8re dans certains pays europ\u00e9ens, soit d\u00e9finitivement r\u00e9gl\u00e9e. Un communiqu\u00e9 des minist\u00e8res de l\u2019Int\u00e9rieur et des [&hellip;]<\/p>\n","protected":false},"author":1788,"featured_media":0,"comment_status":"closed","ping_status":"closed","sticky":false,"template":"","format":"standard","meta":{"fifu_image_url":"","fifu_image_alt":"","footnotes":""},"categories":[54,76],"tags":[],"class_list":["post-117759","post","type-post","status-publish","format-standard","hentry","category-maroc","category-regions"],"_links":{"self":[{"href":"https:\/\/linitiative.ca\/International\/wp-json\/wp\/v2\/posts\/117759","targetHints":{"allow":["GET"]}}],"collection":[{"href":"https:\/\/linitiative.ca\/International\/wp-json\/wp\/v2\/posts"}],"about":[{"href":"https:\/\/linitiative.ca\/International\/wp-json\/wp\/v2\/types\/post"}],"author":[{"embeddable":true,"href":"https:\/\/linitiative.ca\/International\/wp-json\/wp\/v2\/users\/1788"}],"replies":[{"embeddable":true,"href":"https:\/\/linitiative.ca\/International\/wp-json\/wp\/v2\/comments?post=117759"}],"version-history":[{"count":0,"href":"https:\/\/linitiative.ca\/International\/wp-json\/wp\/v2\/posts\/117759\/revisions"}],"wp:attachment":[{"href":"https:\/\/linitiative.ca\/International\/wp-json\/wp\/v2\/media?parent=117759"}],"wp:term":[{"taxonomy":"category","embeddable":true,"href":"https:\/\/linitiative.ca\/International\/wp-json\/wp\/v2\/categories?post=117759"},{"taxonomy":"post_tag","embeddable":true,"href":"https:\/\/linitiative.ca\/International\/wp-json\/wp\/v2\/tags?post=117759"}],"curies":[{"name":"wp","href":"https:\/\/api.w.org\/{rel}","templated":true}]}}