{"id":117762,"date":"2021-06-01T09:45:19","date_gmt":"2021-06-01T13:45:19","guid":{"rendered":"https:\/\/linitiative.ca\/International\/jerada-une-caravane-medicale-au-profit-des-insuffisants-renaux\/"},"modified":"2021-06-01T09:45:19","modified_gmt":"2021-06-01T13:45:19","slug":"jerada-une-caravane-medicale-au-profit-des-insuffisants-renaux","status":"publish","type":"post","link":"https:\/\/linitiative.ca\/International\/jerada-une-caravane-medicale-au-profit-des-insuffisants-renaux\/","title":{"rendered":"Jerada : Une caravane m\u00e9dicale au profit des insuffisants r\u00e9naux"},"content":{"rendered":"<div class=\"single-featured\"><img alt=\"\" data-src=\"http:\/\/www.mapoujda.ma\/map\/uploads\/2021\/06\/Campagne-m\u00e9dicale-au-monde-rural-M750\u00d7430-MAP.jpg\"\/><\/div>\n<div class=\"entry-content clearfix single-post-content\" readability=\"62\">\n<p class=\"c4\">L\u2019Association de soutien aux personnes atteintes d\u2019insuffisance r\u00e9nale de la province de Jerada a organis\u00e9 r\u00e9cemment une caravane m\u00e9dicale au centre d\u2019h\u00e9modialyse de l\u2019h\u00f4pital provincial de Jerada, dans le cadre des efforts visant \u00e0 rapprocher les services de sant\u00e9 des habitants de la province.<\/p>\n<p class=\"c4\">Cette initiative a \u00e9t\u00e9 men\u00e9e par une \u00e9quipe m\u00e9dicale et param\u00e9dicale constitu\u00e9e de 22 m\u00e9decins et 13 infirmiers, et a permis de r\u00e9aliser des op\u00e9rations chirurgicales des vaisseaux sanguins, ainsi que des analyses m\u00e9dicales au profit de 56 patients atteints d\u2019insuffisance r\u00e9nale, indique un communiqu\u00e9 de la pr\u00e9fecture de la province de Jerada.<\/p>\n<p class=\"c4\">Le gouverneur de la province de Jerada, Mabrouk Tabet, a effectu\u00e9 une visite au Centre d\u2019h\u00e9modialyse pour s\u2019enqu\u00e9rir du d\u00e9roulement de cette op\u00e9ration humanitaire, et a salu\u00e9 \u00e0 cette occasion les efforts d\u00e9ploy\u00e9s par l\u2019\u00e9quipe m\u00e9dicale pour assurer la r\u00e9ussite de cette noble initiative men\u00e9e au profit d\u2019une cat\u00e9gorie pr\u00e9caire de la province.<\/p>\n<p class=\"c4\">Cette initiative a \u00e9t\u00e9 organis\u00e9e avec l\u2019appui du Centre hospitalier universitaire Mohammed VI d\u2019Oujda, la Direction r\u00e9gionale de la Sant\u00e9 de l\u2019Oriental, la F\u00e9d\u00e9ration de d\u00e9veloppement des associations des insuffisants r\u00e9naux de l\u2019Oriental et la Facult\u00e9 de m\u00e9decine et de pharmacie d\u2019Oujda, en partenariat avec la d\u00e9l\u00e9gation provinciale de la Sant\u00e9, le Conseil r\u00e9gional de l\u2019Oriental et la pr\u00e9fecture et le Conseil provincial de Jerada, pr\u00e9cise le communiqu\u00e9.<\/p>\n<\/div>\n<p>Auteur: Soufiane ELAHMAR<br \/>\n<a href=\"http:\/\/www.mapoujda.ma\/fr\/jerada-une-caravane-medicale-au-profit-des-insuffisants-renaux\/\">Cliquez ici pour lire l&rsquo;article depuis sa source.<\/a><\/p>\n","protected":false},"excerpt":{"rendered":"<p>L\u2019Association de soutien aux personnes atteintes d\u2019insuffisance r\u00e9nale de la province de Jerada a organis\u00e9 r\u00e9cemment une caravane m\u00e9dicale au centre d\u2019h\u00e9modialyse de l\u2019h\u00f4pital provincial de Jerada, dans le cadre des efforts visant \u00e0 rapprocher les services de sant\u00e9 des habitants de la province. Cette initiative a \u00e9t\u00e9 men\u00e9e par une \u00e9quipe m\u00e9dicale et param\u00e9dicale [&hellip;]<\/p>\n","protected":false},"author":1788,"featured_media":0,"comment_status":"closed","ping_status":"closed","sticky":false,"template":"","format":"standard","meta":{"fifu_image_url":"http:\/\/www.mapoujda.ma\/map\/uploads\/2021\/06\/Campagne-m\u00e9dicale-au-monde-rural-M750\u00d7430-MAP.jpg","fifu_image_alt":"Jerada : Une caravane m\u00e9dicale au profit des insuffisants r\u00e9naux","footnotes":""},"categories":[54,76],"tags":[],"class_list":["post-117762","post","type-post","status-publish","format-standard","hentry","category-maroc","category-regions"],"_links":{"self":[{"href":"https:\/\/linitiative.ca\/International\/wp-json\/wp\/v2\/posts\/117762","targetHints":{"allow":["GET"]}}],"collection":[{"href":"https:\/\/linitiative.ca\/International\/wp-json\/wp\/v2\/posts"}],"about":[{"href":"https:\/\/linitiative.ca\/International\/wp-json\/wp\/v2\/types\/post"}],"author":[{"embeddable":true,"href":"https:\/\/linitiative.ca\/International\/wp-json\/wp\/v2\/users\/1788"}],"replies":[{"embeddable":true,"href":"https:\/\/linitiative.ca\/International\/wp-json\/wp\/v2\/comments?post=117762"}],"version-history":[{"count":0,"href":"https:\/\/linitiative.ca\/International\/wp-json\/wp\/v2\/posts\/117762\/revisions"}],"wp:attachment":[{"href":"https:\/\/linitiative.ca\/International\/wp-json\/wp\/v2\/media?parent=117762"}],"wp:term":[{"taxonomy":"category","embeddable":true,"href":"https:\/\/linitiative.ca\/International\/wp-json\/wp\/v2\/categories?post=117762"},{"taxonomy":"post_tag","embeddable":true,"href":"https:\/\/linitiative.ca\/International\/wp-json\/wp\/v2\/tags?post=117762"}],"curies":[{"name":"wp","href":"https:\/\/api.w.org\/{rel}","templated":true}]}}