{"id":117767,"date":"2021-06-01T10:30:26","date_gmt":"2021-06-01T14:30:26","guid":{"rendered":"https:\/\/linitiative.ca\/International\/fausse-identite-de-brahim-ghali-le-club-des-avocats-du-maroc-tacle-la-justice-espagnole\/"},"modified":"2021-06-01T10:30:26","modified_gmt":"2021-06-01T14:30:26","slug":"fausse-identite-de-brahim-ghali-le-club-des-avocats-du-maroc-tacle-la-justice-espagnole","status":"publish","type":"post","link":"https:\/\/linitiative.ca\/International\/fausse-identite-de-brahim-ghali-le-club-des-avocats-du-maroc-tacle-la-justice-espagnole\/","title":{"rendered":"Fausse identit\u00e9 de Brahim Ghali: Le Club des avocats du Maroc tacle la justice espagnole"},"content":{"rendered":"<p class=\"rtejustify\"><em>CP: AFP<\/em><\/p>\n<p class=\"rtejustify\">La justice espagnole ne compte pas enqu\u00eater sur la fausse identit\u00e9 de Brahim Ghali avec laquelle il est entr\u00e9 en Espagne. Une position qui provoque la col\u00e8re des avocats au Maroc.<\/p>\n<p class=\"rtejustify\">Le club des avocats au Maroc se dit \u00ab\u00a0tr\u00e8s surpris par la d\u00e9claration du Juge Santiago Pedraz en charge de l&rsquo;affaire de Brahim Ghali pr\u00e8s de l&rsquo;Audience nationale au journal ELconfidential\u00a0\u00bb. Le juge a en effet affirm\u00e9 que la cour nationale ne va pas enqu\u00eater sur l&rsquo;affaire de la fausse identit\u00e9 de Brahim Ghali, car la plainte du Club des avocats au Maroc ne pourra pas \u00eatre admise car les faits reproch\u00e9s \u00e0 Brahim Ghali ne \u00a0\u00bbfont pas partie des crimes attribu\u00e9s \u00e0 la comp\u00e9tence de cette cour\u00a0\u00bb et que cette plainte doit \u00eatre instruite par les tribunaux ordinaires. Une justification pas au go\u00fbt des avocats.\u00a0<\/p>\n<p class=\"rtejustify\">Ces derniers rappellent avoir adress\u00e9 cette plainte\/d\u00e9nonciation \u00e0 l&rsquo;attention du procureur de La-Rioja (lieu de la commission de l&rsquo;infraction pour mener les investigations localement) et que ce dernier qui a d\u00e9cid\u00e9 de la renvoyer \u00e0 l&rsquo;Audiencia national.<\/p>\n<p class=\"rtejustify\">Le Club des avocats remet aussi en question le timing de la d\u00e9claration du juge espagnol \u00e0 la veille de l\u2019audience de Brahim Ghali.<\/p>\n<p class=\"rtejustify\">Il rappelle notamment que le fait de cacher ou d\u2019aider un fugitif \u00e0 fuir la justice est sanctionn\u00e9 p\u00e9nalement en vertu de l\u2019article 451 du code p\u00e9nal espagnol.<\/p>\n<p class=\"rtejustify\">\u00a0<\/p>\n<p>Auteur: mbasraoui<br \/>\n<a href=\"https:\/\/www.leconomiste.com\/flash-infos\/fausse-identite-de-brahim-ghali-le-club-des-avocats-du-maroc-tacle-la-justice-espagnole\">Cliquez ici pour lire l&rsquo;article depuis sa source.<\/a><\/p>\n","protected":false},"excerpt":{"rendered":"<p>CP: AFP La justice espagnole ne compte pas enqu\u00eater sur la fausse identit\u00e9 de Brahim Ghali avec laquelle il est entr\u00e9 en Espagne. Une position qui provoque la col\u00e8re des avocats au Maroc. Le club des avocats au Maroc se dit \u00ab\u00a0tr\u00e8s surpris par la d\u00e9claration du Juge Santiago Pedraz en charge de l&rsquo;affaire de [&hellip;]<\/p>\n","protected":false},"author":1763,"featured_media":0,"comment_status":"closed","ping_status":"closed","sticky":false,"template":"","format":"standard","meta":{"fifu_image_url":"","fifu_image_alt":"","footnotes":""},"categories":[78,54],"tags":[],"class_list":["post-117767","post","type-post","status-publish","format-standard","hentry","category-economie","category-maroc"],"_links":{"self":[{"href":"https:\/\/linitiative.ca\/International\/wp-json\/wp\/v2\/posts\/117767","targetHints":{"allow":["GET"]}}],"collection":[{"href":"https:\/\/linitiative.ca\/International\/wp-json\/wp\/v2\/posts"}],"about":[{"href":"https:\/\/linitiative.ca\/International\/wp-json\/wp\/v2\/types\/post"}],"author":[{"embeddable":true,"href":"https:\/\/linitiative.ca\/International\/wp-json\/wp\/v2\/users\/1763"}],"replies":[{"embeddable":true,"href":"https:\/\/linitiative.ca\/International\/wp-json\/wp\/v2\/comments?post=117767"}],"version-history":[{"count":0,"href":"https:\/\/linitiative.ca\/International\/wp-json\/wp\/v2\/posts\/117767\/revisions"}],"wp:attachment":[{"href":"https:\/\/linitiative.ca\/International\/wp-json\/wp\/v2\/media?parent=117767"}],"wp:term":[{"taxonomy":"category","embeddable":true,"href":"https:\/\/linitiative.ca\/International\/wp-json\/wp\/v2\/categories?post=117767"},{"taxonomy":"post_tag","embeddable":true,"href":"https:\/\/linitiative.ca\/International\/wp-json\/wp\/v2\/tags?post=117767"}],"curies":[{"name":"wp","href":"https:\/\/api.w.org\/{rel}","templated":true}]}}