{"id":117769,"date":"2021-06-01T12:42:42","date_gmt":"2021-06-01T16:42:42","guid":{"rendered":"https:\/\/linitiative.ca\/International\/mineurs-non-accompagnes-le-roi-veut-un-reglement-definitif\/"},"modified":"2021-06-01T12:42:42","modified_gmt":"2021-06-01T16:42:42","slug":"mineurs-non-accompagnes-le-roi-veut-un-reglement-definitif","status":"publish","type":"post","link":"https:\/\/linitiative.ca\/International\/mineurs-non-accompagnes-le-roi-veut-un-reglement-definitif\/","title":{"rendered":"Mineurs non accompagn\u00e9s : Le Roi veut un r\u00e8glement d\u00e9finitif"},"content":{"rendered":"<p class=\"rtejustify\">Le Roi Mohammed VI a r\u00e9it\u00e8re ses instructions aux ministres charg\u00e9s de l&rsquo;Int\u00e9rieur et des Affaires \u00e9trang\u00e8res afin que la question des mineurs marocains non accompagn\u00e9s, se trouvant en situation irr\u00e9guli\u00e8re dans certains pays europ\u00e9ens, soit d\u00e9finitivement r\u00e9gl\u00e9e.<\/p>\n<p class=\"rtejustify\">Dans un communiqu\u00e9 des deux d\u00e9partements, ces derniers rappellent que le Souverain \u00ab avait soulign\u00e9, \u00e0 plusieurs reprises, y compris \u00e0 des Chefs d&rsquo;Etat \u00e9trangers, l&rsquo;engagement clair et ferme du Royaume du Maroc \u00e0 accepter le retour des mineurs non accompagn\u00e9s d\u00fbment identifi\u00e9s \u00bb Des m\u00e9canismes de coop\u00e9ration ont \u00e9t\u00e9 mis en place \u00e0 cet effet avec certains pays, notamment la France et l&rsquo;Espagne et qui ont abouti au retour au Maroc de plusieurs dizaines de mineurs, pr\u00e9cise le communiqu\u00e9. \u00ab Les lenteurs constat\u00e9es dans la concr\u00e9tisation de cette coop\u00e9ration sont essentiellement li\u00e9es \u00e0 des blocages dus aux proc\u00e9dures (administratives et judiciaires) complexes dans certains pays europ\u00e9ens \u00bb, expliquent \u00e9galement les deux d\u00e9partements, ajoutant que le Maroc est le premier pays concern\u00e9 par certains cercles de la soci\u00e9t\u00e9 civile, voire m\u00eame des r\u00e9seaux criminels, qui prennent pr\u00e9texte des conditions soi-disant pr\u00e9caires des mineurs pour les instrumentaliser.<\/p>\n<p class=\"rtejustify\">Le Maroc est dispos\u00e9 \u00e0 collaborer, comme il l&rsquo;a toujours fait, avec les pays europ\u00e9ens et l&rsquo;Union Europ\u00e9enne (UE), pour le r\u00e8glement de cette question, poursuit le communiqu\u00e9, relevant que le Royaume esp\u00e8re que l&rsquo;UE et les pays concern\u00e9s sauront d\u00e9passer les contraintes proc\u00e9durales pour faciliter cette op\u00e9ration. Le Maroc regrette \u00e0 nouveau que la question migratoire, y compris la question des mineurs non accompagn\u00e9s, soit utilis\u00e9e comme alibi afin de contourner les v\u00e9ritables causes de la crise politique actuelle avec l&rsquo;Espagne dont les origines et les fondements sont bien connus.<\/p>\n<p class=\"rtejustify\">Les autorit\u00e9s marocaines se r\u00e9servent le droit d&rsquo;apporter, au moment opportun, les r\u00e9ponses appropri\u00e9es aux accusations infond\u00e9es du gouvernement espagnol, conclut le communiqu\u00e9.<\/p>\n<p class=\"rtejustify\">\u00a0<\/p>\n<p>Auteur: mbasraoui<br \/>\n<a href=\"https:\/\/www.leconomiste.com\/flash-infos\/mineurs-non-accompagnes-le-roi-veut-un-reglement-definitif\">Cliquez ici pour lire l&rsquo;article depuis sa source.<\/a><\/p>\n","protected":false},"excerpt":{"rendered":"<p>Le Roi Mohammed VI a r\u00e9it\u00e8re ses instructions aux ministres charg\u00e9s de l&rsquo;Int\u00e9rieur et des Affaires \u00e9trang\u00e8res afin que la question des mineurs marocains non accompagn\u00e9s, se trouvant en situation irr\u00e9guli\u00e8re dans certains pays europ\u00e9ens, soit d\u00e9finitivement r\u00e9gl\u00e9e. Dans un communiqu\u00e9 des deux d\u00e9partements, ces derniers rappellent que le Souverain \u00ab avait soulign\u00e9, \u00e0 plusieurs [&hellip;]<\/p>\n","protected":false},"author":1763,"featured_media":0,"comment_status":"closed","ping_status":"closed","sticky":false,"template":"","format":"standard","meta":{"fifu_image_url":"","fifu_image_alt":"","footnotes":""},"categories":[78,54],"tags":[],"class_list":["post-117769","post","type-post","status-publish","format-standard","hentry","category-economie","category-maroc"],"_links":{"self":[{"href":"https:\/\/linitiative.ca\/International\/wp-json\/wp\/v2\/posts\/117769","targetHints":{"allow":["GET"]}}],"collection":[{"href":"https:\/\/linitiative.ca\/International\/wp-json\/wp\/v2\/posts"}],"about":[{"href":"https:\/\/linitiative.ca\/International\/wp-json\/wp\/v2\/types\/post"}],"author":[{"embeddable":true,"href":"https:\/\/linitiative.ca\/International\/wp-json\/wp\/v2\/users\/1763"}],"replies":[{"embeddable":true,"href":"https:\/\/linitiative.ca\/International\/wp-json\/wp\/v2\/comments?post=117769"}],"version-history":[{"count":0,"href":"https:\/\/linitiative.ca\/International\/wp-json\/wp\/v2\/posts\/117769\/revisions"}],"wp:attachment":[{"href":"https:\/\/linitiative.ca\/International\/wp-json\/wp\/v2\/media?parent=117769"}],"wp:term":[{"taxonomy":"category","embeddable":true,"href":"https:\/\/linitiative.ca\/International\/wp-json\/wp\/v2\/categories?post=117769"},{"taxonomy":"post_tag","embeddable":true,"href":"https:\/\/linitiative.ca\/International\/wp-json\/wp\/v2\/tags?post=117769"}],"curies":[{"name":"wp","href":"https:\/\/api.w.org\/{rel}","templated":true}]}}