{"id":117770,"date":"2021-06-01T12:59:42","date_gmt":"2021-06-01T16:59:42","guid":{"rendered":"https:\/\/linitiative.ca\/International\/cih-et-la-bei-se-joignent-pour-financer-les-pme\/"},"modified":"2021-06-01T12:59:42","modified_gmt":"2021-06-01T16:59:42","slug":"cih-et-la-bei-se-joignent-pour-financer-les-pme","status":"publish","type":"post","link":"https:\/\/linitiative.ca\/International\/cih-et-la-bei-se-joignent-pour-financer-les-pme\/","title":{"rendered":"CIH et la BEI se joignent pour financer les PME"},"content":{"rendered":"<p class=\"rtejustify\">CIH BANK et la Banque europ\u00e9enne d&rsquo;investissement (BEI) s&rsquo;allient pour faciliter le financement des PME et des entreprises de taille interm\u00e9diaire (ETI). Les deux banques vont sceller, mercredi 2 juin,\u00a0leur premier accord portant sur un montant de 640 millions de DH (60 millions d&rsquo;euros).\u00a0L\u2019op\u00e9ration fait partie de la r\u00e9ponse de \u00ab\u00a0Team Europe\u00a0\u00bb \u00e0 la pand\u00e9mie du Covid-19 pour soutenir et accompagner PMEs et ETIs frapp\u00e9es par les cons\u00e9quences de la crise sanitaire, indique CIH. \u00ab\u00a0Cette ligne de financement appuie la strat\u00e9gie de CIH BANK dans la diversification et l\u2019extension de son portefeuille d\u2019activit\u00e9s au b\u00e9n\u00e9fice des entreprises marocaines\u00a0\u00bb, ajoute la banque marocaine. A noter que cet appui s\u2019inscrit dans la cadre des mesures de soutien de CIH Bank aux entreprises marocaines pour stimuler la relance \u00e9conomique dans le contexte du Covid-19.<\/p>\n<p class=\"rtejustify\">Ce financement entre aussi dans le cadre du mandat de pr\u00eat ext\u00e9rieur (ELM) de l\u2019Union europ\u00e9enne (UE) pour la p\u00e9riode 2021-2027. Il permettra de soutenir le d\u00e9veloppement du secteur priv\u00e9 en mettant l\u2019accent sur les PME, l\u2019accroissement de la comp\u00e9titivit\u00e9 et la cr\u00e9ation d\u2019emplois. Cet accord b\u00e9n\u00e9ficiera \u00e9galement de l\u2019expertise de la BEI pour notamment optimiser l\u2019offre de services financiers en faveur des PMEs et notamment des entreprises les plus petites, et favoriser les financements verts.<\/p>\n<p>Auteur: hgueye<br \/>\n<a href=\"https:\/\/www.leconomiste.com\/flash-infos\/cih-et-la-bei-se-joignent-pour-financer-les-pme\">Cliquez ici pour lire l&rsquo;article depuis sa source.<\/a><\/p>\n","protected":false},"excerpt":{"rendered":"<p>CIH BANK et la Banque europ\u00e9enne d&rsquo;investissement (BEI) s&rsquo;allient pour faciliter le financement des PME et des entreprises de taille interm\u00e9diaire (ETI). Les deux banques vont sceller, mercredi 2 juin,\u00a0leur premier accord portant sur un montant de 640 millions de DH (60 millions d&rsquo;euros).\u00a0L\u2019op\u00e9ration fait partie de la r\u00e9ponse de \u00ab\u00a0Team Europe\u00a0\u00bb \u00e0 la pand\u00e9mie [&hellip;]<\/p>\n","protected":false},"author":1763,"featured_media":0,"comment_status":"closed","ping_status":"closed","sticky":false,"template":"","format":"standard","meta":{"fifu_image_url":"","fifu_image_alt":"","footnotes":""},"categories":[78,54],"tags":[],"class_list":["post-117770","post","type-post","status-publish","format-standard","hentry","category-economie","category-maroc"],"_links":{"self":[{"href":"https:\/\/linitiative.ca\/International\/wp-json\/wp\/v2\/posts\/117770","targetHints":{"allow":["GET"]}}],"collection":[{"href":"https:\/\/linitiative.ca\/International\/wp-json\/wp\/v2\/posts"}],"about":[{"href":"https:\/\/linitiative.ca\/International\/wp-json\/wp\/v2\/types\/post"}],"author":[{"embeddable":true,"href":"https:\/\/linitiative.ca\/International\/wp-json\/wp\/v2\/users\/1763"}],"replies":[{"embeddable":true,"href":"https:\/\/linitiative.ca\/International\/wp-json\/wp\/v2\/comments?post=117770"}],"version-history":[{"count":0,"href":"https:\/\/linitiative.ca\/International\/wp-json\/wp\/v2\/posts\/117770\/revisions"}],"wp:attachment":[{"href":"https:\/\/linitiative.ca\/International\/wp-json\/wp\/v2\/media?parent=117770"}],"wp:term":[{"taxonomy":"category","embeddable":true,"href":"https:\/\/linitiative.ca\/International\/wp-json\/wp\/v2\/categories?post=117770"},{"taxonomy":"post_tag","embeddable":true,"href":"https:\/\/linitiative.ca\/International\/wp-json\/wp\/v2\/tags?post=117770"}],"curies":[{"name":"wp","href":"https:\/\/api.w.org\/{rel}","templated":true}]}}