{"id":117773,"date":"2021-06-01T15:14:08","date_gmt":"2021-06-01T19:14:08","guid":{"rendered":"https:\/\/linitiative.ca\/International\/equipe-dalgerie-en-belmadi-evoque-le-sujet-des-binationaux\/"},"modified":"2021-06-01T15:14:08","modified_gmt":"2021-06-01T19:14:08","slug":"equipe-dalgerie-en-belmadi-evoque-le-sujet-des-binationaux","status":"publish","type":"post","link":"https:\/\/linitiative.ca\/International\/equipe-dalgerie-en-belmadi-evoque-le-sujet-des-binationaux\/","title":{"rendered":"Equipe d&rsquo;Alg\u00e9rie : EN: Belmadi \u00e9voque le sujet des binationaux"},"content":{"rendered":"<div readability=\"32\">\n<p>Auteur : <span class=\"time\">mardi 01 juin 2021 17:55<\/span><\/p>\n<\/div>\n<div id=\"post_core\" readability=\"56\">\n<p>Deux jours apr\u00e8s l\u2019annonce de sa liste pour les trois matchs amicaux face \u00e0 la Mauritanie, le Mali et la Tunisie, Djamel Belmadi \u00e9tait face \u00e0 la presse cette apr\u00e8s-midi. Avec le r\u00e9cent choix de Hannibal Mejbri, jeune franco-tunisien de l\u2019\u00e9quipe r\u00e9serve de Manchester United, d\u2019opter pour la Tunisie, alors qu\u2019il comptait quelques s\u00e9lections avec les cat\u00e9gories de jeunes de l\u2019\u00c9quipe de France, la question sur les binationaux est revenu sur la table. Belmadi a le m\u00e9rite d&rsquo;\u00eatre tr\u00e8s clair\u00a0 : \u00ab Je n\u2019ai pas envie de rentrer sur ce sujet des binationaux qui jouent pour l\u2019\u00e9quipe de France, aujourd\u2019hui ils jouent en \u00c9quipe de France et je ne veux pas savoir s\u2019ils veulent jouer avec nous ou venir en septembre, je ne veux parler que des joueurs alg\u00e9riens.\u00a0 Je ne vais pas r\u00e9fl\u00e9chir \u00e0 des joueurs qui sont avec un autre pays en me disant qu\u2019ils pourront peut-\u00eatre nous rejoindre, \u00e7a n\u2019a aucun sens. Je ne renie pas leur identit\u00e9, je r\u00e9fl\u00e9chis dans le r\u00e9el. \u00bb<\/p>\n<p>Le cas A\u00eft-Nouri \u00e9voqu\u00e9 entre les lignes ?<\/p>\n<p>L\u2019arri\u00e8re gauche franco-alg\u00e9rien de Wolverhampton, Rayan A\u00eft Nouri (19 ans), n\u2019a toujours pas d\u00e9cid\u00e9 pour quelle s\u00e9lection il souhaitait \u00e9voluer. Djamel Belmadi peut-\u00eatre laisser un indice sur son choix : \u00ab\u00c0 gauche, certaines choses me laissent \u00e0 penser qu\u2019on aura plus de concurrence tr\u00e8s bient\u00f4t . Ramy Bensebaini s\u2019est largement impos\u00e9, j\u2019aimerais plus de monde derri\u00e8re lui. \u00bbrapporteOnzeMondial.com.<\/p>\n<p><strong>Publi\u00e9 dans :<\/strong> <span>Belmadi<\/span><\/p>\n<\/div>\n<p>Auteur:<br \/>\n<a href=\"http:\/\/www.lebuteur.com\/article\/detail?titre=en-belmadi-evoque-le-sujet-des-binationaux&#038;id=100253&#038;utm_source=feedburner&#038;utm_medium=feed&#038;utm_campaign=Feed%3A+GalerieFArtciles+%28Les+derniers+articles++-+lebuteur.com%29\">Cliquez ici pour lire l&rsquo;article depuis sa source.<\/a><\/p>\n","protected":false},"excerpt":{"rendered":"<p>Auteur : mardi 01 juin 2021 17:55 Deux jours apr\u00e8s l\u2019annonce de sa liste pour les trois matchs amicaux face \u00e0 la Mauritanie, le Mali et la Tunisie, Djamel Belmadi \u00e9tait face \u00e0 la presse cette apr\u00e8s-midi. Avec le r\u00e9cent choix de Hannibal Mejbri, jeune franco-tunisien de l\u2019\u00e9quipe r\u00e9serve de Manchester United, d\u2019opter pour la [&hellip;]<\/p>\n","protected":false},"author":1738,"featured_media":0,"comment_status":"closed","ping_status":"closed","sticky":false,"template":"","format":"standard","meta":{"fifu_image_url":"\/\/cdn.lebuteur.com\/data\/images\/article\/thumbs\/large-en-belmadi-evoque-le-sujet-des-binationaux-1c4a8.jpg","fifu_image_alt":"Equipe d'Alg\u00e9rie : EN: Belmadi \u00e9voque le sujet des binationaux","footnotes":""},"categories":[53,75],"tags":[],"class_list":["post-117773","post","type-post","status-publish","format-standard","hentry","category-algerie","category-sport"],"_links":{"self":[{"href":"https:\/\/linitiative.ca\/International\/wp-json\/wp\/v2\/posts\/117773","targetHints":{"allow":["GET"]}}],"collection":[{"href":"https:\/\/linitiative.ca\/International\/wp-json\/wp\/v2\/posts"}],"about":[{"href":"https:\/\/linitiative.ca\/International\/wp-json\/wp\/v2\/types\/post"}],"author":[{"embeddable":true,"href":"https:\/\/linitiative.ca\/International\/wp-json\/wp\/v2\/users\/1738"}],"replies":[{"embeddable":true,"href":"https:\/\/linitiative.ca\/International\/wp-json\/wp\/v2\/comments?post=117773"}],"version-history":[{"count":0,"href":"https:\/\/linitiative.ca\/International\/wp-json\/wp\/v2\/posts\/117773\/revisions"}],"wp:attachment":[{"href":"https:\/\/linitiative.ca\/International\/wp-json\/wp\/v2\/media?parent=117773"}],"wp:term":[{"taxonomy":"category","embeddable":true,"href":"https:\/\/linitiative.ca\/International\/wp-json\/wp\/v2\/categories?post=117773"},{"taxonomy":"post_tag","embeddable":true,"href":"https:\/\/linitiative.ca\/International\/wp-json\/wp\/v2\/tags?post=117773"}],"curies":[{"name":"wp","href":"https:\/\/api.w.org\/{rel}","templated":true}]}}