{"id":117774,"date":"2021-06-01T15:14:09","date_gmt":"2021-06-01T19:14:09","guid":{"rendered":"https:\/\/linitiative.ca\/International\/international-real-madrid-ancelotti-de-retour-officiel\/"},"modified":"2021-06-01T15:14:09","modified_gmt":"2021-06-01T19:14:09","slug":"international-real-madrid-ancelotti-de-retour-officiel","status":"publish","type":"post","link":"https:\/\/linitiative.ca\/International\/international-real-madrid-ancelotti-de-retour-officiel\/","title":{"rendered":"International : Real Madrid: Ancelotti de retour ! (officiel)"},"content":{"rendered":"<div readability=\"32\">\n<p>Auteur : <span class=\"time\">mardi 01 juin 2021 18:09<\/span><\/p>\n<\/div>\n<div id=\"post_core\" readability=\"41\">\n<p>Comme pressenti ce mardi, l&rsquo;entra\u00eeneur Carlo Ancelotti quitte officiellement Everton pour effectuer son grand retour au Real Madrid. Priorit\u00e9 du pr\u00e9sident des Merengue Florentino P\u00e9rez pour succ\u00e8der \u00e0 Zin\u00e9dine Zidane, parti au terme d&rsquo;une derni\u00e8re saison \u00e9prouvante, le technicien italien a sign\u00e9 un contrat de trois ans en faveur de la Maison Blanche. Pour rappel, l&rsquo;ancien coach du Paris Saint-Germain a d\u00e9j\u00e0 eu un premier passage (2013-2015) r\u00e9ussi sur le banc du Real en remportant notamment la Ligue des Champions (2014), la Coupe du Roi (2014), la Supercoupe d&rsquo;Europe (2014) et le Mondial des Clubs (2014) rapporte Maxifoot.fr.<\/p>\n<p><strong>Publi\u00e9 dans :<\/strong> <span>ancelotti<\/span><\/p>\n<\/div>\n<p>Auteur:<br \/>\n<a href=\"http:\/\/www.lebuteur.com\/article\/detail?titre=real-madrid-ancelotti-de-retour-officiel&#038;id=100245&#038;utm_source=feedburner&#038;utm_medium=feed&#038;utm_campaign=Feed%3A+GalerieFArtciles+%28Les+derniers+articles++-+lebuteur.com%29\">Cliquez ici pour lire l&rsquo;article depuis sa source.<\/a><\/p>\n","protected":false},"excerpt":{"rendered":"<p>Auteur : mardi 01 juin 2021 18:09 Comme pressenti ce mardi, l&rsquo;entra\u00eeneur Carlo Ancelotti quitte officiellement Everton pour effectuer son grand retour au Real Madrid. Priorit\u00e9 du pr\u00e9sident des Merengue Florentino P\u00e9rez pour succ\u00e8der \u00e0 Zin\u00e9dine Zidane, parti au terme d&rsquo;une derni\u00e8re saison \u00e9prouvante, le technicien italien a sign\u00e9 un contrat de trois ans en [&hellip;]<\/p>\n","protected":false},"author":1738,"featured_media":0,"comment_status":"closed","ping_status":"closed","sticky":false,"template":"","format":"standard","meta":{"fifu_image_url":"\/\/cdn.lebuteur.com\/data\/images\/article\/thumbs\/large-real-madrid-le-retour-dancelotti-regle-dans-les-prochaines-heures-ba85c.jpg","fifu_image_alt":"International : Real Madrid: Ancelotti de retour ! (officiel)","footnotes":""},"categories":[53,75],"tags":[],"class_list":["post-117774","post","type-post","status-publish","format-standard","hentry","category-algerie","category-sport"],"_links":{"self":[{"href":"https:\/\/linitiative.ca\/International\/wp-json\/wp\/v2\/posts\/117774","targetHints":{"allow":["GET"]}}],"collection":[{"href":"https:\/\/linitiative.ca\/International\/wp-json\/wp\/v2\/posts"}],"about":[{"href":"https:\/\/linitiative.ca\/International\/wp-json\/wp\/v2\/types\/post"}],"author":[{"embeddable":true,"href":"https:\/\/linitiative.ca\/International\/wp-json\/wp\/v2\/users\/1738"}],"replies":[{"embeddable":true,"href":"https:\/\/linitiative.ca\/International\/wp-json\/wp\/v2\/comments?post=117774"}],"version-history":[{"count":0,"href":"https:\/\/linitiative.ca\/International\/wp-json\/wp\/v2\/posts\/117774\/revisions"}],"wp:attachment":[{"href":"https:\/\/linitiative.ca\/International\/wp-json\/wp\/v2\/media?parent=117774"}],"wp:term":[{"taxonomy":"category","embeddable":true,"href":"https:\/\/linitiative.ca\/International\/wp-json\/wp\/v2\/categories?post=117774"},{"taxonomy":"post_tag","embeddable":true,"href":"https:\/\/linitiative.ca\/International\/wp-json\/wp\/v2\/tags?post=117774"}],"curies":[{"name":"wp","href":"https:\/\/api.w.org\/{rel}","templated":true}]}}