{"id":117775,"date":"2021-06-01T15:14:10","date_gmt":"2021-06-01T19:14:10","guid":{"rendered":"https:\/\/linitiative.ca\/International\/international-ancelotti-officiellement-de-retour-sur-le-banc-du-real-madrid\/"},"modified":"2021-06-01T15:14:10","modified_gmt":"2021-06-01T19:14:10","slug":"international-ancelotti-officiellement-de-retour-sur-le-banc-du-real-madrid","status":"publish","type":"post","link":"https:\/\/linitiative.ca\/International\/international-ancelotti-officiellement-de-retour-sur-le-banc-du-real-madrid\/","title":{"rendered":"International : Ancelotti officiellement de retour sur le banc du Real Madrid"},"content":{"rendered":"<div readability=\"32\">\n<p>Auteur : <span class=\"time\">mardi 01 juin 2021 19:37<\/span><\/p>\n<\/div>\n<div id=\"post_core\" readability=\"45\">\n<p>Priorit\u00e9 du pr\u00e9sident des Merengue Florentino P\u00e9rez pour succ\u00e9der \u00e0 Zin\u00e9dine Zidane, parti au terme d&rsquo;une derni\u00e8re saison \u00e9prouvante, le technicien italien a sign\u00e9 un contrat de trois ans en faveur de la Maison Blanche comme l&rsquo;indique Maxifoot.<\/p>\n<p>Pour rappel, l&rsquo;ancien coach du Paris Saint-Germain a d\u00e9j\u00e0 eu un premier passage (2013-2015) r\u00e9ussi sur le banc du Real en remportant notamment la Ligue des Champions (2014), la Coupe du Roi (2014), la Supercoupe d&rsquo;Europe (2014) et le Mondial des Clubs (2014).<\/p>\n<p><strong>Publi\u00e9 dans :<\/strong> <span>real madrid<\/span><\/p>\n<\/div>\n<p>Auteur:<br \/>\n<a href=\"http:\/\/www.lebuteur.com\/article\/detail?titre=ancelotti-officiellement-de-retour-sur-le-banc-du-real-madrid&#038;id=100254&#038;utm_source=feedburner&#038;utm_medium=feed&#038;utm_campaign=Feed%3A+GalerieFArtciles+%28Les+derniers+articles++-+lebuteur.com%29\">Cliquez ici pour lire l&rsquo;article depuis sa source.<\/a><\/p>\n","protected":false},"excerpt":{"rendered":"<p>Auteur : mardi 01 juin 2021 19:37 Priorit\u00e9 du pr\u00e9sident des Merengue Florentino P\u00e9rez pour succ\u00e9der \u00e0 Zin\u00e9dine Zidane, parti au terme d&rsquo;une derni\u00e8re saison \u00e9prouvante, le technicien italien a sign\u00e9 un contrat de trois ans en faveur de la Maison Blanche comme l&rsquo;indique Maxifoot. Pour rappel, l&rsquo;ancien coach du Paris Saint-Germain a d\u00e9j\u00e0 eu [&hellip;]<\/p>\n","protected":false},"author":1738,"featured_media":0,"comment_status":"closed","ping_status":"closed","sticky":false,"template":"","format":"standard","meta":{"fifu_image_url":"\/\/cdn.lebuteur.com\/data\/images\/article\/thumbs\/large-ancelotti-officiellement-de-retour-sur-le-banc-du-real-madrid-d43e2.jpg","fifu_image_alt":"International : Ancelotti officiellement de retour sur le banc du Real Madrid","footnotes":""},"categories":[53,75],"tags":[],"class_list":["post-117775","post","type-post","status-publish","format-standard","hentry","category-algerie","category-sport"],"_links":{"self":[{"href":"https:\/\/linitiative.ca\/International\/wp-json\/wp\/v2\/posts\/117775","targetHints":{"allow":["GET"]}}],"collection":[{"href":"https:\/\/linitiative.ca\/International\/wp-json\/wp\/v2\/posts"}],"about":[{"href":"https:\/\/linitiative.ca\/International\/wp-json\/wp\/v2\/types\/post"}],"author":[{"embeddable":true,"href":"https:\/\/linitiative.ca\/International\/wp-json\/wp\/v2\/users\/1738"}],"replies":[{"embeddable":true,"href":"https:\/\/linitiative.ca\/International\/wp-json\/wp\/v2\/comments?post=117775"}],"version-history":[{"count":0,"href":"https:\/\/linitiative.ca\/International\/wp-json\/wp\/v2\/posts\/117775\/revisions"}],"wp:attachment":[{"href":"https:\/\/linitiative.ca\/International\/wp-json\/wp\/v2\/media?parent=117775"}],"wp:term":[{"taxonomy":"category","embeddable":true,"href":"https:\/\/linitiative.ca\/International\/wp-json\/wp\/v2\/categories?post=117775"},{"taxonomy":"post_tag","embeddable":true,"href":"https:\/\/linitiative.ca\/International\/wp-json\/wp\/v2\/tags?post=117775"}],"curies":[{"name":"wp","href":"https:\/\/api.w.org\/{rel}","templated":true}]}}